{"id":815,"date":"2025-04-17T09:30:00","date_gmt":"2025-04-17T07:30:00","guid":{"rendered":"https:\/\/www.activis.swiss\/?p=815"},"modified":"2025-03-20T13:40:32","modified_gmt":"2025-03-20T12:40:32","slug":"larte-di-conciliare-le-generazioni-in-un-ristorante","status":"publish","type":"post","link":"https:\/\/www.activis.swiss\/it\/larte-di-conciliare-le-generazioni-in-un-ristorante\/","title":{"rendered":"L&#8217;arte di conciliare le generazioni in un ristorante"},"content":{"rendered":"\n<p><em>L&#8217;EMS Le Nouveau Prieur\u00e9 di Ginevra punta su una struttura aperta e inclusiva, gestita dallo specialista della ristorazione Eldora, dove pensionati e giovani generazioni lavorano insieme per servire i residenti. Un approccio che evidenzia i vantaggi del dialogo intergenerazionale, come spiega David Roux, responsabile dell&#8217;ospitalit\u00e0 globale.<\/em><\/p>\n\n\n\n<p>Situato nel comune di Ch\u00eane-Bougeries (GE), l&#8217;EMS Le Nouveau Prieur\u00e9 offre molto pi\u00f9 di un ambiente di vita adeguato ai suoi 144 residenti. Oltre alle camere individuali, la struttura fa parte di una comunit\u00e0 dinamica che ospita un asilo nido, una residenza per studenti e una casa per persone con disabilit\u00e0 multiple. L&#8217;obiettivo \u00e8 creare un vero e proprio &#8220;villaggio&#8221; intergenerazionale. Al centro di questo ecosistema c&#8217;\u00e8 un ristorante gestito da Eldora, un&#8217;azienda specializzata nella ristorazione comunitaria. Ogni giorno, Eldora produce in loco quasi 600 pasti per i residenti e le istituzioni associate, utilizzando prodotti regionali e di stagione e il marchio &#8220;Fait Maison&#8221;.<\/p>\n\n\n\n<h2 class=\"wp-block-heading\">Un patrimonio di esperienza e interazione<\/h2>\n\n\n\n<p>Da diversi anni il ristorante d\u00e0 l&#8217;esempio integrando nel suo team personale di livello superiore. David Roux, responsabile dell&#8217;ospitalit\u00e0 globale di Le Nouveau Prieur\u00e9, \u00e8 la perfetta incarnazione di questa filosofia. Diplomato in una scuola alberghiera, ha iniziato da Paul Bocuse, dove ha imparato l&#8217;eccellenza da quattro Meilleurs Ouvriers de France. Dopo il servizio militare al servizio privato dell&#8217;Ammiraglio Jacques Lanxade, Capo di Stato Maggiore delle Forze Armate francesi, \u00e8 passato a dirigere diverse strutture prestigiose. Dal 2015, supervisiona i settori della ristorazione, della lavanderia e della manutenzione dell&#8217;istituto Ch\u00eane-Bougeries, con un team di 24 dipendenti.<\/p>\n\n\n\n<p>Tra questi c&#8217;\u00e8 un pensionato emblematico: Jos\u00e9 Pereira. Jos\u00e9 Pereira, ex dipendente di Eldora, ha scelto di prolungare la sua carriera oltre l&#8217;et\u00e0 legale di pensionamento. La sua decisione \u00e8 stata resa possibile dall&#8217;approccio flessibile di Eldora, che consente ai dipendenti in pensione di continuare a lavorare se lo desiderano. &#8220;Jos\u00e9 Pereira \u00e8 un esempio straordinario di versatilit\u00e0. Si occupa sia del lavaggio delle stoviglie e del servizio in camera che delle texture modificate, una specializzazione acquisita nel corso degli anni con uno chef all&#8217;avanguardia in questo campo&#8221;, spiega David Roux.<\/p>\n\n\n\n<h2 class=\"wp-block-heading\">Trasmissione e adattamento: valori chiave<\/h2>\n\n\n\n<p>Per David Roux, l&#8217;integrazione degli anziani nel suo team non \u00e8 solo una soluzione pratica. Riflette una convinzione profonda: i pensionati, o gli over 55 che ama assumere, apportano un bagaglio unico di esperienza e affidabilit\u00e0. Questa sinergia \u00e8 particolarmente utile in una professione in cui i giovani, spesso all&#8217;inizio della carriera, hanno talvolta difficolt\u00e0 ad adattarsi rapidamente. &#8220;Le generazioni si completano a vicenda. Gli anziani di condividono le loro conoscenze e i giovani apportano la loro energia. \u00c8 una situazione vantaggiosa per tutti&#8221;, afferma.<\/p>\n\n\n\n<p>Tuttavia, questo approccio richiede degli aggiustamenti. David Roux si assicura che i compiti pi\u00f9 impegnativi dal punto di vista fisico non siano affidati agli anziani, favorendo invece una comunicazione aperta per valutare le loro capacit\u00e0. &#8220;L&#8217;importante \u00e8 che non cerchino di superare se stessi. Hanno un&#8217;esperienza comprovata e il loro valore aggiunto sta nella loro esperienza, non nella loro resistenza fisica&#8221;, afferma. Sottolinea inoltre che non richiede alcun esame medico specifico. &#8220;La questione dei limiti di ogni persona viene discussa in modo informale, senza alcuna pressione&#8221;.<\/p>\n\n\n\n<h2 class=\"wp-block-heading\">Un&#8217;organizzazione flessibile<\/h2>\n\n\n\n<p>Un altro vantaggio di questa integrazione \u00e8 la flessibilit\u00e0 di cui godono i dipendenti senior come Jos\u00e9 Pereira. All&#8217;inizio del mese riceve un elenco di date disponibili e sceglie i propri giorni di lavoro. Questa autonomia rafforza il suo impegno nel rispetto dei suoi ritmi. &#8220;Da quando sono ufficialmente in pensione, faccio esattamente le stesse cose di prima, ma posso organizzarmi liberamente&#8221;, confida Jos\u00e9 Pereira, padre di due figli che studiano.<\/p>\n\n\n\n<p>Questa libert\u00e0, unita alla sua profonda conoscenza del ristorante e dei suoi team, rende il suo ruolo un elemento fondamentale per il buon funzionamento del ristorante. Per lui, continuare a lavorare \u00e8 una cosa ovvia, finch\u00e9 le sue condizioni di salute lo consentono. La sua testimonianza illustra come il lavoro, al di l\u00e0 della sua dimensione economica, possa svolgere un ruolo importante nella vita di ogni individuo, se non viene imposto: \u00e8 un legame sociale che permette di restituire alla comunit\u00e0 e favorisce interazioni arricchenti di ogni tipo.<\/p>\n","protected":false},"excerpt":{"rendered":"<p>L&#8217;EMS Le Nouveau Prieur\u00e9 di Ginevra punta su una struttura aperta e inclusiva, gestita dallo specialista della ristorazione Eldora, dove pensionati e giovani generazioni lavorano insieme per servire i residenti. Un approccio che evidenzia i vantaggi del dialogo intergenerazionale, come spiega David Roux, responsabile dell&#8217;ospitalit\u00e0 globale. Situato nel comune di Ch\u00eane-Bougeries (GE), l&#8217;EMS Le Nouveau [&#8230;]<\/p>\n<p><a class=\"btn btn-secondary understrap-read-more-link\" href=\"https:\/\/www.activis.swiss\/it\/larte-di-conciliare-le-generazioni-in-un-ristorante\/\">Leggi di pi\u00f9&#8230;<span class=\"screen-reader-text\"> from L&#8217;arte di conciliare le generazioni in un ristorante<\/span><\/a><\/p>\n","protected":false},"author":9,"featured_media":811,"comment_status":"closed","ping_status":"open","sticky":false,"template":"","format":"standard","meta":{"_monsterinsights_skip_tracking":false,"_monsterinsights_sitenote_active":false,"_monsterinsights_sitenote_note":"","_monsterinsights_sitenote_category":0,"footnotes":""},"categories":[59],"tags":[],"class_list":["post-815","post","type-post","status-publish","format-standard","has-post-thumbnail","hentry","category-blog-it"],"yoast_head":"<!-- This site is optimized with the Yoast SEO plugin v25.3 - https:\/\/yoast.com\/wordpress\/plugins\/seo\/ -->\n<title>L&#039;arte di conciliare le generazioni in un ristorante - activis<\/title>\n<meta name=\"robots\" content=\"index, follow, max-snippet:-1, max-image-preview:large, max-video-preview:-1\" \/>\n<link rel=\"canonical\" href=\"https:\/\/www.activis.swiss\/it\/larte-di-conciliare-le-generazioni-in-un-ristorante\/\" \/>\n<meta property=\"og:locale\" content=\"it_IT\" \/>\n<meta property=\"og:type\" content=\"article\" \/>\n<meta property=\"og:title\" content=\"L&#039;arte di conciliare le generazioni in un ristorante - activis\" \/>\n<meta property=\"og:description\" content=\"L&#8217;EMS Le Nouveau Prieur\u00e9 di Ginevra punta su una struttura aperta e inclusiva, gestita dallo specialista della ristorazione Eldora, dove pensionati e giovani generazioni lavorano insieme per servire i residenti. Un approccio che evidenzia i vantaggi del dialogo intergenerazionale, come spiega David Roux, responsabile dell&#8217;ospitalit\u00e0 globale. Situato nel comune di Ch\u00eane-Bougeries (GE), l&#8217;EMS Le Nouveau [...]Leggi di pi\u00f9... from L&#8217;arte di conciliare le generazioni in un ristorante\" \/>\n<meta property=\"og:url\" content=\"https:\/\/www.activis.swiss\/it\/larte-di-conciliare-le-generazioni-in-un-ristorante\/\" \/>\n<meta property=\"og:site_name\" content=\"activis\" \/>\n<meta property=\"article:published_time\" content=\"2025-04-17T07:30:00+00:00\" \/>\n<meta property=\"og:image\" content=\"https:\/\/www.activis.swiss\/wp-content\/uploads\/AdobeStock_275872880-scaled.jpeg\" \/>\n\t<meta property=\"og:image:width\" content=\"2560\" \/>\n\t<meta property=\"og:image:height\" content=\"1092\" \/>\n\t<meta property=\"og:image:type\" content=\"image\/jpeg\" \/>\n<meta name=\"author\" content=\"Marketing\" \/>\n<meta name=\"twitter:card\" content=\"summary_large_image\" \/>\n<meta name=\"twitter:label1\" content=\"Scritto da\" \/>\n\t<meta name=\"twitter:data1\" content=\"Marketing\" \/>\n\t<meta name=\"twitter:label2\" content=\"Tempo di lettura stimato\" \/>\n\t<meta name=\"twitter:data2\" content=\"4 minuti\" \/>\n<script type=\"application\/ld+json\" class=\"yoast-schema-graph\">{\"@context\":\"https:\/\/schema.org\",\"@graph\":[{\"@type\":\"WebPage\",\"@id\":\"https:\/\/www.activis.swiss\/it\/larte-di-conciliare-le-generazioni-in-un-ristorante\/\",\"url\":\"https:\/\/www.activis.swiss\/it\/larte-di-conciliare-le-generazioni-in-un-ristorante\/\",\"name\":\"L'arte di conciliare le generazioni in un ristorante - activis\",\"isPartOf\":{\"@id\":\"https:\/\/www.activis.swiss\/it\/#website\"},\"primaryImageOfPage\":{\"@id\":\"https:\/\/www.activis.swiss\/it\/larte-di-conciliare-le-generazioni-in-un-ristorante\/#primaryimage\"},\"image\":{\"@id\":\"https:\/\/www.activis.swiss\/it\/larte-di-conciliare-le-generazioni-in-un-ristorante\/#primaryimage\"},\"thumbnailUrl\":\"https:\/\/www.activis.swiss\/wp-content\/uploads\/AdobeStock_275872880-scaled.jpeg\",\"datePublished\":\"2025-04-17T07:30:00+00:00\",\"author\":{\"@id\":\"https:\/\/www.activis.swiss\/it\/#\/schema\/person\/e7a70d94886f6ceeca36a0504875e437\"},\"breadcrumb\":{\"@id\":\"https:\/\/www.activis.swiss\/it\/larte-di-conciliare-le-generazioni-in-un-ristorante\/#breadcrumb\"},\"inLanguage\":\"it-IT\",\"potentialAction\":[{\"@type\":\"ReadAction\",\"target\":[\"https:\/\/www.activis.swiss\/it\/larte-di-conciliare-le-generazioni-in-un-ristorante\/\"]}]},{\"@type\":\"ImageObject\",\"inLanguage\":\"it-IT\",\"@id\":\"https:\/\/www.activis.swiss\/it\/larte-di-conciliare-le-generazioni-in-un-ristorante\/#primaryimage\",\"url\":\"https:\/\/www.activis.swiss\/wp-content\/uploads\/AdobeStock_275872880-scaled.jpeg\",\"contentUrl\":\"https:\/\/www.activis.swiss\/wp-content\/uploads\/AdobeStock_275872880-scaled.jpeg\",\"width\":2560,\"height\":1092},{\"@type\":\"BreadcrumbList\",\"@id\":\"https:\/\/www.activis.swiss\/it\/larte-di-conciliare-le-generazioni-in-un-ristorante\/#breadcrumb\",\"itemListElement\":[{\"@type\":\"ListItem\",\"position\":1,\"name\":\"Accueil\",\"item\":\"https:\/\/www.activis.swiss\/it\/activis-e-se-esperienza-facesse-rima-con-abilita\/\"},{\"@type\":\"ListItem\",\"position\":2,\"name\":\"L&rsquo;arte di conciliare le generazioni in un ristorante\"}]},{\"@type\":\"WebSite\",\"@id\":\"https:\/\/www.activis.swiss\/it\/#website\",\"url\":\"https:\/\/www.activis.swiss\/it\/\",\"name\":\"activis\",\"description\":\"\",\"potentialAction\":[{\"@type\":\"SearchAction\",\"target\":{\"@type\":\"EntryPoint\",\"urlTemplate\":\"https:\/\/www.activis.swiss\/it\/?s={search_term_string}\"},\"query-input\":{\"@type\":\"PropertyValueSpecification\",\"valueRequired\":true,\"valueName\":\"search_term_string\"}}],\"inLanguage\":\"it-IT\"},{\"@type\":\"Person\",\"@id\":\"https:\/\/www.activis.swiss\/it\/#\/schema\/person\/e7a70d94886f6ceeca36a0504875e437\",\"name\":\"Marketing\",\"image\":{\"@type\":\"ImageObject\",\"inLanguage\":\"it-IT\",\"@id\":\"https:\/\/www.activis.swiss\/it\/#\/schema\/person\/image\/\",\"url\":\"https:\/\/secure.gravatar.com\/avatar\/f195d15fff822d4a270e0b5fb1a9e8c2747b615b4a99b3fcec5f6fcaf8b72d03?s=96&d=mm&r=g\",\"contentUrl\":\"https:\/\/secure.gravatar.com\/avatar\/f195d15fff822d4a270e0b5fb1a9e8c2747b615b4a99b3fcec5f6fcaf8b72d03?s=96&d=mm&r=g\",\"caption\":\"Marketing\"},\"url\":\"https:\/\/www.activis.swiss\/it\/author\/teammarketing\/\"}]}<\/script>\n<!-- \/ Yoast SEO plugin. -->","yoast_head_json":{"title":"L'arte di conciliare le generazioni in un ristorante - activis","robots":{"index":"index","follow":"follow","max-snippet":"max-snippet:-1","max-image-preview":"max-image-preview:large","max-video-preview":"max-video-preview:-1"},"canonical":"https:\/\/www.activis.swiss\/it\/larte-di-conciliare-le-generazioni-in-un-ristorante\/","og_locale":"it_IT","og_type":"article","og_title":"L'arte di conciliare le generazioni in un ristorante - activis","og_description":"L&#8217;EMS Le Nouveau Prieur\u00e9 di Ginevra punta su una struttura aperta e inclusiva, gestita dallo specialista della ristorazione Eldora, dove pensionati e giovani generazioni lavorano insieme per servire i residenti. Un approccio che evidenzia i vantaggi del dialogo intergenerazionale, come spiega David Roux, responsabile dell&#8217;ospitalit\u00e0 globale. Situato nel comune di Ch\u00eane-Bougeries (GE), l&#8217;EMS Le Nouveau [...]Leggi di pi\u00f9... from L&#8217;arte di conciliare le generazioni in un ristorante","og_url":"https:\/\/www.activis.swiss\/it\/larte-di-conciliare-le-generazioni-in-un-ristorante\/","og_site_name":"activis","article_published_time":"2025-04-17T07:30:00+00:00","og_image":[{"width":2560,"height":1092,"url":"https:\/\/www.activis.swiss\/wp-content\/uploads\/AdobeStock_275872880-scaled.jpeg","type":"image\/jpeg"}],"author":"Marketing","twitter_card":"summary_large_image","twitter_misc":{"Scritto da":"Marketing","Tempo di lettura stimato":"4 minuti"},"schema":{"@context":"https:\/\/schema.org","@graph":[{"@type":"WebPage","@id":"https:\/\/www.activis.swiss\/it\/larte-di-conciliare-le-generazioni-in-un-ristorante\/","url":"https:\/\/www.activis.swiss\/it\/larte-di-conciliare-le-generazioni-in-un-ristorante\/","name":"L'arte di conciliare le generazioni in un ristorante - activis","isPartOf":{"@id":"https:\/\/www.activis.swiss\/it\/#website"},"primaryImageOfPage":{"@id":"https:\/\/www.activis.swiss\/it\/larte-di-conciliare-le-generazioni-in-un-ristorante\/#primaryimage"},"image":{"@id":"https:\/\/www.activis.swiss\/it\/larte-di-conciliare-le-generazioni-in-un-ristorante\/#primaryimage"},"thumbnailUrl":"https:\/\/www.activis.swiss\/wp-content\/uploads\/AdobeStock_275872880-scaled.jpeg","datePublished":"2025-04-17T07:30:00+00:00","author":{"@id":"https:\/\/www.activis.swiss\/it\/#\/schema\/person\/e7a70d94886f6ceeca36a0504875e437"},"breadcrumb":{"@id":"https:\/\/www.activis.swiss\/it\/larte-di-conciliare-le-generazioni-in-un-ristorante\/#breadcrumb"},"inLanguage":"it-IT","potentialAction":[{"@type":"ReadAction","target":["https:\/\/www.activis.swiss\/it\/larte-di-conciliare-le-generazioni-in-un-ristorante\/"]}]},{"@type":"ImageObject","inLanguage":"it-IT","@id":"https:\/\/www.activis.swiss\/it\/larte-di-conciliare-le-generazioni-in-un-ristorante\/#primaryimage","url":"https:\/\/www.activis.swiss\/wp-content\/uploads\/AdobeStock_275872880-scaled.jpeg","contentUrl":"https:\/\/www.activis.swiss\/wp-content\/uploads\/AdobeStock_275872880-scaled.jpeg","width":2560,"height":1092},{"@type":"BreadcrumbList","@id":"https:\/\/www.activis.swiss\/it\/larte-di-conciliare-le-generazioni-in-un-ristorante\/#breadcrumb","itemListElement":[{"@type":"ListItem","position":1,"name":"Accueil","item":"https:\/\/www.activis.swiss\/it\/activis-e-se-esperienza-facesse-rima-con-abilita\/"},{"@type":"ListItem","position":2,"name":"L&rsquo;arte di conciliare le generazioni in un ristorante"}]},{"@type":"WebSite","@id":"https:\/\/www.activis.swiss\/it\/#website","url":"https:\/\/www.activis.swiss\/it\/","name":"activis","description":"","potentialAction":[{"@type":"SearchAction","target":{"@type":"EntryPoint","urlTemplate":"https:\/\/www.activis.swiss\/it\/?s={search_term_string}"},"query-input":{"@type":"PropertyValueSpecification","valueRequired":true,"valueName":"search_term_string"}}],"inLanguage":"it-IT"},{"@type":"Person","@id":"https:\/\/www.activis.swiss\/it\/#\/schema\/person\/e7a70d94886f6ceeca36a0504875e437","name":"Marketing","image":{"@type":"ImageObject","inLanguage":"it-IT","@id":"https:\/\/www.activis.swiss\/it\/#\/schema\/person\/image\/","url":"https:\/\/secure.gravatar.com\/avatar\/f195d15fff822d4a270e0b5fb1a9e8c2747b615b4a99b3fcec5f6fcaf8b72d03?s=96&d=mm&r=g","contentUrl":"https:\/\/secure.gravatar.com\/avatar\/f195d15fff822d4a270e0b5fb1a9e8c2747b615b4a99b3fcec5f6fcaf8b72d03?s=96&d=mm&r=g","caption":"Marketing"},"url":"https:\/\/www.activis.swiss\/it\/author\/teammarketing\/"}]}},"_links":{"self":[{"href":"https:\/\/www.activis.swiss\/it\/wp-json\/wp\/v2\/posts\/815","targetHints":{"allow":["GET"]}}],"collection":[{"href":"https:\/\/www.activis.swiss\/it\/wp-json\/wp\/v2\/posts"}],"about":[{"href":"https:\/\/www.activis.swiss\/it\/wp-json\/wp\/v2\/types\/post"}],"author":[{"embeddable":true,"href":"https:\/\/www.activis.swiss\/it\/wp-json\/wp\/v2\/users\/9"}],"replies":[{"embeddable":true,"href":"https:\/\/www.activis.swiss\/it\/wp-json\/wp\/v2\/comments?post=815"}],"version-history":[{"count":1,"href":"https:\/\/www.activis.swiss\/it\/wp-json\/wp\/v2\/posts\/815\/revisions"}],"predecessor-version":[{"id":816,"href":"https:\/\/www.activis.swiss\/it\/wp-json\/wp\/v2\/posts\/815\/revisions\/816"}],"wp:featuredmedia":[{"embeddable":true,"href":"https:\/\/www.activis.swiss\/it\/wp-json\/wp\/v2\/media\/811"}],"wp:attachment":[{"href":"https:\/\/www.activis.swiss\/it\/wp-json\/wp\/v2\/media?parent=815"}],"wp:term":[{"taxonomy":"category","embeddable":true,"href":"https:\/\/www.activis.swiss\/it\/wp-json\/wp\/v2\/categories?post=815"},{"taxonomy":"post_tag","embeddable":true,"href":"https:\/\/www.activis.swiss\/it\/wp-json\/wp\/v2\/tags?post=815"}],"curies":[{"name":"wp","href":"https:\/\/api.w.org\/{rel}","templated":true}]}}