{"id":805,"date":"2025-03-20T09:00:00","date_gmt":"2025-03-20T08:00:00","guid":{"rendered":"https:\/\/www.activis.swiss\/?p=805"},"modified":"2025-03-17T14:31:12","modified_gmt":"2025-03-17T13:31:12","slug":"il-theatre-de-beaulieu-si-affida-allesperienza-degli-anziani-per-i-suoi-addetti-allaccoglienza","status":"publish","type":"post","link":"https:\/\/www.activis.swiss\/it\/il-theatre-de-beaulieu-si-affida-allesperienza-degli-anziani-per-i-suoi-addetti-allaccoglienza\/","title":{"rendered":"Il Th\u00e9\u00e2tre de Beaulieu si affida all&#8217;esperienza degli anziani per i suoi addetti all&#8217;accoglienza"},"content":{"rendered":"\n<p><em>Il Th\u00e9\u00e2tre de Beaulieu, uno dei luoghi culturali pi\u00f9 emblematici di Losanna, da tempo si rivolge ai pensionati per le posizioni di addetti all&#8217;accoglienza. La loro esperienza e professionalit\u00e0 sono preziose per un&#8217;istituzione che accoglie un pubblico variegato durante tutto l&#8217;anno. Catherine Jodoin, assistente del responsabile del teatro, racconta il dietro le quinte.<\/em><\/p>\n\n\n\n<p>Con oltre 1600 posti a sedere e riaperto nella seconda met\u00e0 del 2022 dopo importanti lavori di ristrutturazione, il Th\u00e9\u00e2tre de Beaulieu \u00e8 un&#8217;istituzione culturale di primo piano nella capitale vodese. Ospita una vasta gamma di spettacoli che vanno dal teatro alla danza, passando per concerti ed eventi internazionali come il B\u00e9jart Ballet Lausanne o il Prix de Lausanne. Dietro le quinte, un team di addetti all&#8217;accoglienza, di cui un terzo \u00e8 costituito da pensionati, svolge un ruolo chiave nel buon svolgimento degli spettacoli.<\/p>\n\n\n\n<h2 class=\"wp-block-heading\">Una disponibilit\u00e0 ben accetta<\/h2>\n\n\n\n<p>Da diversi anni, il Th\u00e9\u00e2tre de Beaulieu si avvale del lavoro degli anziani per rafforzare il suo team di accoglienza. Questi agenti gestiscono vari compiti, come il servizio di usciere, l&#8217;assegnazione dei posti a sedere, il guardaroba, il controllo dei biglietti e l&#8217;evacuazione in caso di emergenza. Sebbene questi compiti siano condivisi con dipendenti pi\u00f9 giovani, questi pensionati apportano una stabilit\u00e0 inestimabile. I loro anni di esperienza consentono loro di dimostrare professionalit\u00e0, serenit\u00e0 e competenza in situazioni a volte complesse. \u201cGli anziani sono affidabili quanto gli altri membri del team e spesso si dimostrano pi\u00f9 disponibili, il che \u00e8 un vantaggio in un contesto in cui i giovani collaboratori, spesso studenti, possono partire per studiare all&#8217;estero o iniziare stage\u201d, sottolinea Catherine Jodoin, assistente del responsabile del teatro.<\/p>\n\n\n\n<p>Tutti i membri del team, indipendentemente dall&#8217;et\u00e0, condividono un programma e comunicano tramite un gruppo di messaggistica per scambiarsi o modificare gli orari. L&#8217;integrazione di questi collaboratori senior avviene in modo fluido. Non ricevono un trattamento speciale, svolgendo gli stessi compiti dei loro colleghi pi\u00f9 giovani, ad eccezione del servizio al bar. \u201cQuesto si spiega con il fatto che gli anziani preferiscono evitare alcune funzioni pi\u00f9 impegnative. Il bar \u00e8 una di queste, poich\u00e9 \u00e8 necessario essere veloci e gestire le transazioni sotto pressione prima degli spettacoli o durante gli intervalli\u201d.<\/p>\n\n\n\n<h2 class=\"wp-block-heading\">La gioia di interagire con il pubblico<\/h2>\n\n\n\n<p>Questo aspetto ricorda che lavorare oltre i 65 anni in un ambiente dinamico come il Th\u00e9\u00e2tre de Beaulieu pu\u00f2 presentare alcune sfide. Ad esempio, la capacit\u00e0 di partecipare a missioni di evacuazione pu\u00f2 a volte essere messa in discussione, soprattutto per gli agenti pi\u00f9 anziani, alcuni dei quali si avvicinano agli 80 anni. Con 1622 posti da gestire e un tasso di occupazione medio dell&#8217;80%, l&#8217;evacuazione di una sala piena richiede competenze fisiche e tecniche specifiche. Fortunatamente, ogni addetto all&#8217;accoglienza \u00e8 addestrato alle procedure di emergenza e sa quale compito gli spetterebbe in caso di necessit\u00e0, spiega in sostanza Catherine Jodoin.<\/p>\n\n\n\n<p>Nonostante queste sfide, l&#8217;aspetto sociale del loro impegno \u00e8 predominante per la maggior parte degli anziani. Molti di loro non lavorano solo per motivi finanziari. Il senso di appartenenza a una squadra, la gioia di interagire con un pubblico variegato e il piacere di contribuire alla vita culturale di Losanna sono tutte motivazioni che spingono questi pensionati a continuare la loro attivit\u00e0, tanto pi\u00f9 che il personale di accoglienza a volte ha la possibilit\u00e0 di assistere agli spettacoli. \u201cL&#8217;ambiente e i colleghi sono simpatici\u201d, \u00e8 una frase che ricorre spesso tra questi agenti di accoglienza senior. All&#8217;interno del team regna un&#8217;atmosfera familiare, diverse generazioni lavorano insieme da decenni. Coltiviamo con orgoglio questo spirito di famiglia.<\/p>\n\n\n\n<h2 class=\"wp-block-heading\">Padroneggiare la tecnologia<\/h2>\n\n\n\n<p>Il Th\u00e9\u00e2tre de Beaulieu dimostra cos\u00ec che \u00e8 possibile sfruttare l&#8217;esperienza degli anziani mantenendo alti standard professionali. Dietro ogni addetto alla reception c&#8217;\u00e8 una storia, e il fatto che circa un terzo di loro sono pensionati cambia innegabilmente il modo in cui si possono guardare questi professionisti discreti ma essenziali per il buon funzionamento degli spettacoli.<\/p>\n\n\n\n<p>Per quanto riguarda le qualit\u00e0 da mobilitare per svolgere un&#8217;attivit\u00e0 in pensione, Catherine Jodoin insiste sul fatto che \u00e8 essenziale avere motivazioni che vanno oltre i semplici motivi finanziari. Secondo lei, il piacere di mantenere le interazioni sociali e di rimanere attivi all&#8217;interno di un team \u00e8 altrettanto importante. Inoltre, sottolinea l&#8217;importanza di essere aggiornati con le moderne tecnologie, come saper usare un telefono cellulare e una radio, scambiare messaggi tramite WhatsApp, trasmettere la propria disponibilit\u00e0 tramite un sondaggio online o ancora padroneggiare la scansione dei codici QR, competenze sempre pi\u00f9 richieste anche in ruoli come quello di addetto alla reception.<\/p>\n","protected":false},"excerpt":{"rendered":"<p>Il Th\u00e9\u00e2tre de Beaulieu, uno dei luoghi culturali pi\u00f9 emblematici di Losanna, da tempo si rivolge ai pensionati per le posizioni di addetti all&#8217;accoglienza. La loro esperienza e professionalit\u00e0 sono preziose per un&#8217;istituzione che accoglie un pubblico variegato durante tutto l&#8217;anno. Catherine Jodoin, assistente del responsabile del teatro, racconta il dietro le quinte. Con oltre [&#8230;]<\/p>\n<p><a class=\"btn btn-secondary understrap-read-more-link\" href=\"https:\/\/www.activis.swiss\/it\/il-theatre-de-beaulieu-si-affida-allesperienza-degli-anziani-per-i-suoi-addetti-allaccoglienza\/\">Leggi di pi\u00f9&#8230;<span class=\"screen-reader-text\"> from Il Th\u00e9\u00e2tre de Beaulieu si affida all&#8217;esperienza degli anziani per i suoi addetti all&#8217;accoglienza<\/span><\/a><\/p>\n","protected":false},"author":9,"featured_media":793,"comment_status":"closed","ping_status":"open","sticky":false,"template":"","format":"standard","meta":{"_monsterinsights_skip_tracking":false,"_monsterinsights_sitenote_active":false,"_monsterinsights_sitenote_note":"","_monsterinsights_sitenote_category":0,"footnotes":""},"categories":[59],"tags":[],"class_list":["post-805","post","type-post","status-publish","format-standard","has-post-thumbnail","hentry","category-blog-it"],"yoast_head":"<!-- This site is optimized with the Yoast SEO plugin v25.3 - https:\/\/yoast.com\/wordpress\/plugins\/seo\/ -->\n<title>Il Th\u00e9\u00e2tre de Beaulieu si affida all&#039;esperienza degli anziani per i suoi addetti all&#039;accoglienza - activis<\/title>\n<meta name=\"robots\" content=\"index, follow, max-snippet:-1, max-image-preview:large, max-video-preview:-1\" \/>\n<link rel=\"canonical\" href=\"https:\/\/www.activis.swiss\/it\/il-theatre-de-beaulieu-si-affida-allesperienza-degli-anziani-per-i-suoi-addetti-allaccoglienza\/\" \/>\n<meta property=\"og:locale\" content=\"it_IT\" \/>\n<meta property=\"og:type\" content=\"article\" \/>\n<meta property=\"og:title\" content=\"Il Th\u00e9\u00e2tre de Beaulieu si affida all&#039;esperienza degli anziani per i suoi addetti all&#039;accoglienza - activis\" \/>\n<meta property=\"og:description\" content=\"Il Th\u00e9\u00e2tre de Beaulieu, uno dei luoghi culturali pi\u00f9 emblematici di Losanna, da tempo si rivolge ai pensionati per le posizioni di addetti all&#8217;accoglienza. La loro esperienza e professionalit\u00e0 sono preziose per un&#8217;istituzione che accoglie un pubblico variegato durante tutto l&#8217;anno. Catherine Jodoin, assistente del responsabile del teatro, racconta il dietro le quinte. Con oltre [...]Leggi di pi\u00f9... from Il Th\u00e9\u00e2tre de Beaulieu si affida all&#8217;esperienza degli anziani per i suoi addetti all&#8217;accoglienza\" \/>\n<meta property=\"og:url\" content=\"https:\/\/www.activis.swiss\/it\/il-theatre-de-beaulieu-si-affida-allesperienza-degli-anziani-per-i-suoi-addetti-allaccoglienza\/\" \/>\n<meta property=\"og:site_name\" content=\"activis\" \/>\n<meta property=\"article:published_time\" content=\"2025-03-20T08:00:00+00:00\" \/>\n<meta property=\"og:image\" content=\"https:\/\/www.activis.swiss\/wp-content\/uploads\/Wordpress-Article-3.png\" \/>\n\t<meta property=\"og:image:width\" content=\"1080\" \/>\n\t<meta property=\"og:image:height\" content=\"1080\" \/>\n\t<meta property=\"og:image:type\" content=\"image\/png\" \/>\n<meta name=\"author\" content=\"Marketing\" \/>\n<meta name=\"twitter:card\" content=\"summary_large_image\" \/>\n<meta name=\"twitter:label1\" content=\"Scritto da\" \/>\n\t<meta name=\"twitter:data1\" content=\"Marketing\" \/>\n\t<meta name=\"twitter:label2\" content=\"Tempo di lettura stimato\" \/>\n\t<meta name=\"twitter:data2\" content=\"4 minuti\" \/>\n<script type=\"application\/ld+json\" class=\"yoast-schema-graph\">{\"@context\":\"https:\/\/schema.org\",\"@graph\":[{\"@type\":\"WebPage\",\"@id\":\"https:\/\/www.activis.swiss\/it\/il-theatre-de-beaulieu-si-affida-allesperienza-degli-anziani-per-i-suoi-addetti-allaccoglienza\/\",\"url\":\"https:\/\/www.activis.swiss\/it\/il-theatre-de-beaulieu-si-affida-allesperienza-degli-anziani-per-i-suoi-addetti-allaccoglienza\/\",\"name\":\"Il Th\u00e9\u00e2tre de Beaulieu si affida all'esperienza degli anziani per i suoi addetti all'accoglienza - activis\",\"isPartOf\":{\"@id\":\"https:\/\/www.activis.swiss\/it\/#website\"},\"primaryImageOfPage\":{\"@id\":\"https:\/\/www.activis.swiss\/it\/il-theatre-de-beaulieu-si-affida-allesperienza-degli-anziani-per-i-suoi-addetti-allaccoglienza\/#primaryimage\"},\"image\":{\"@id\":\"https:\/\/www.activis.swiss\/it\/il-theatre-de-beaulieu-si-affida-allesperienza-degli-anziani-per-i-suoi-addetti-allaccoglienza\/#primaryimage\"},\"thumbnailUrl\":\"https:\/\/www.activis.swiss\/wp-content\/uploads\/Wordpress-Article-3.png\",\"datePublished\":\"2025-03-20T08:00:00+00:00\",\"author\":{\"@id\":\"https:\/\/www.activis.swiss\/it\/#\/schema\/person\/e7a70d94886f6ceeca36a0504875e437\"},\"breadcrumb\":{\"@id\":\"https:\/\/www.activis.swiss\/it\/il-theatre-de-beaulieu-si-affida-allesperienza-degli-anziani-per-i-suoi-addetti-allaccoglienza\/#breadcrumb\"},\"inLanguage\":\"it-IT\",\"potentialAction\":[{\"@type\":\"ReadAction\",\"target\":[\"https:\/\/www.activis.swiss\/it\/il-theatre-de-beaulieu-si-affida-allesperienza-degli-anziani-per-i-suoi-addetti-allaccoglienza\/\"]}]},{\"@type\":\"ImageObject\",\"inLanguage\":\"it-IT\",\"@id\":\"https:\/\/www.activis.swiss\/it\/il-theatre-de-beaulieu-si-affida-allesperienza-degli-anziani-per-i-suoi-addetti-allaccoglienza\/#primaryimage\",\"url\":\"https:\/\/www.activis.swiss\/wp-content\/uploads\/Wordpress-Article-3.png\",\"contentUrl\":\"https:\/\/www.activis.swiss\/wp-content\/uploads\/Wordpress-Article-3.png\",\"width\":1080,\"height\":1080},{\"@type\":\"BreadcrumbList\",\"@id\":\"https:\/\/www.activis.swiss\/it\/il-theatre-de-beaulieu-si-affida-allesperienza-degli-anziani-per-i-suoi-addetti-allaccoglienza\/#breadcrumb\",\"itemListElement\":[{\"@type\":\"ListItem\",\"position\":1,\"name\":\"Accueil\",\"item\":\"https:\/\/www.activis.swiss\/it\/activis-e-se-esperienza-facesse-rima-con-abilita\/\"},{\"@type\":\"ListItem\",\"position\":2,\"name\":\"Il Th\u00e9\u00e2tre de Beaulieu si affida all&rsquo;esperienza degli anziani per i suoi addetti all&rsquo;accoglienza\"}]},{\"@type\":\"WebSite\",\"@id\":\"https:\/\/www.activis.swiss\/it\/#website\",\"url\":\"https:\/\/www.activis.swiss\/it\/\",\"name\":\"activis\",\"description\":\"\",\"potentialAction\":[{\"@type\":\"SearchAction\",\"target\":{\"@type\":\"EntryPoint\",\"urlTemplate\":\"https:\/\/www.activis.swiss\/it\/?s={search_term_string}\"},\"query-input\":{\"@type\":\"PropertyValueSpecification\",\"valueRequired\":true,\"valueName\":\"search_term_string\"}}],\"inLanguage\":\"it-IT\"},{\"@type\":\"Person\",\"@id\":\"https:\/\/www.activis.swiss\/it\/#\/schema\/person\/e7a70d94886f6ceeca36a0504875e437\",\"name\":\"Marketing\",\"image\":{\"@type\":\"ImageObject\",\"inLanguage\":\"it-IT\",\"@id\":\"https:\/\/www.activis.swiss\/it\/#\/schema\/person\/image\/\",\"url\":\"https:\/\/secure.gravatar.com\/avatar\/f195d15fff822d4a270e0b5fb1a9e8c2747b615b4a99b3fcec5f6fcaf8b72d03?s=96&d=mm&r=g\",\"contentUrl\":\"https:\/\/secure.gravatar.com\/avatar\/f195d15fff822d4a270e0b5fb1a9e8c2747b615b4a99b3fcec5f6fcaf8b72d03?s=96&d=mm&r=g\",\"caption\":\"Marketing\"},\"url\":\"https:\/\/www.activis.swiss\/it\/author\/teammarketing\/\"}]}<\/script>\n<!-- \/ Yoast SEO plugin. -->","yoast_head_json":{"title":"Il Th\u00e9\u00e2tre de Beaulieu si affida all'esperienza degli anziani per i suoi addetti all'accoglienza - activis","robots":{"index":"index","follow":"follow","max-snippet":"max-snippet:-1","max-image-preview":"max-image-preview:large","max-video-preview":"max-video-preview:-1"},"canonical":"https:\/\/www.activis.swiss\/it\/il-theatre-de-beaulieu-si-affida-allesperienza-degli-anziani-per-i-suoi-addetti-allaccoglienza\/","og_locale":"it_IT","og_type":"article","og_title":"Il Th\u00e9\u00e2tre de Beaulieu si affida all'esperienza degli anziani per i suoi addetti all'accoglienza - activis","og_description":"Il Th\u00e9\u00e2tre de Beaulieu, uno dei luoghi culturali pi\u00f9 emblematici di Losanna, da tempo si rivolge ai pensionati per le posizioni di addetti all&#8217;accoglienza. La loro esperienza e professionalit\u00e0 sono preziose per un&#8217;istituzione che accoglie un pubblico variegato durante tutto l&#8217;anno. Catherine Jodoin, assistente del responsabile del teatro, racconta il dietro le quinte. Con oltre [...]Leggi di pi\u00f9... from Il Th\u00e9\u00e2tre de Beaulieu si affida all&#8217;esperienza degli anziani per i suoi addetti all&#8217;accoglienza","og_url":"https:\/\/www.activis.swiss\/it\/il-theatre-de-beaulieu-si-affida-allesperienza-degli-anziani-per-i-suoi-addetti-allaccoglienza\/","og_site_name":"activis","article_published_time":"2025-03-20T08:00:00+00:00","og_image":[{"width":1080,"height":1080,"url":"https:\/\/www.activis.swiss\/wp-content\/uploads\/Wordpress-Article-3.png","type":"image\/png"}],"author":"Marketing","twitter_card":"summary_large_image","twitter_misc":{"Scritto da":"Marketing","Tempo di lettura stimato":"4 minuti"},"schema":{"@context":"https:\/\/schema.org","@graph":[{"@type":"WebPage","@id":"https:\/\/www.activis.swiss\/it\/il-theatre-de-beaulieu-si-affida-allesperienza-degli-anziani-per-i-suoi-addetti-allaccoglienza\/","url":"https:\/\/www.activis.swiss\/it\/il-theatre-de-beaulieu-si-affida-allesperienza-degli-anziani-per-i-suoi-addetti-allaccoglienza\/","name":"Il Th\u00e9\u00e2tre de Beaulieu si affida all'esperienza degli anziani per i suoi addetti all'accoglienza - activis","isPartOf":{"@id":"https:\/\/www.activis.swiss\/it\/#website"},"primaryImageOfPage":{"@id":"https:\/\/www.activis.swiss\/it\/il-theatre-de-beaulieu-si-affida-allesperienza-degli-anziani-per-i-suoi-addetti-allaccoglienza\/#primaryimage"},"image":{"@id":"https:\/\/www.activis.swiss\/it\/il-theatre-de-beaulieu-si-affida-allesperienza-degli-anziani-per-i-suoi-addetti-allaccoglienza\/#primaryimage"},"thumbnailUrl":"https:\/\/www.activis.swiss\/wp-content\/uploads\/Wordpress-Article-3.png","datePublished":"2025-03-20T08:00:00+00:00","author":{"@id":"https:\/\/www.activis.swiss\/it\/#\/schema\/person\/e7a70d94886f6ceeca36a0504875e437"},"breadcrumb":{"@id":"https:\/\/www.activis.swiss\/it\/il-theatre-de-beaulieu-si-affida-allesperienza-degli-anziani-per-i-suoi-addetti-allaccoglienza\/#breadcrumb"},"inLanguage":"it-IT","potentialAction":[{"@type":"ReadAction","target":["https:\/\/www.activis.swiss\/it\/il-theatre-de-beaulieu-si-affida-allesperienza-degli-anziani-per-i-suoi-addetti-allaccoglienza\/"]}]},{"@type":"ImageObject","inLanguage":"it-IT","@id":"https:\/\/www.activis.swiss\/it\/il-theatre-de-beaulieu-si-affida-allesperienza-degli-anziani-per-i-suoi-addetti-allaccoglienza\/#primaryimage","url":"https:\/\/www.activis.swiss\/wp-content\/uploads\/Wordpress-Article-3.png","contentUrl":"https:\/\/www.activis.swiss\/wp-content\/uploads\/Wordpress-Article-3.png","width":1080,"height":1080},{"@type":"BreadcrumbList","@id":"https:\/\/www.activis.swiss\/it\/il-theatre-de-beaulieu-si-affida-allesperienza-degli-anziani-per-i-suoi-addetti-allaccoglienza\/#breadcrumb","itemListElement":[{"@type":"ListItem","position":1,"name":"Accueil","item":"https:\/\/www.activis.swiss\/it\/activis-e-se-esperienza-facesse-rima-con-abilita\/"},{"@type":"ListItem","position":2,"name":"Il Th\u00e9\u00e2tre de Beaulieu si affida all&rsquo;esperienza degli anziani per i suoi addetti all&rsquo;accoglienza"}]},{"@type":"WebSite","@id":"https:\/\/www.activis.swiss\/it\/#website","url":"https:\/\/www.activis.swiss\/it\/","name":"activis","description":"","potentialAction":[{"@type":"SearchAction","target":{"@type":"EntryPoint","urlTemplate":"https:\/\/www.activis.swiss\/it\/?s={search_term_string}"},"query-input":{"@type":"PropertyValueSpecification","valueRequired":true,"valueName":"search_term_string"}}],"inLanguage":"it-IT"},{"@type":"Person","@id":"https:\/\/www.activis.swiss\/it\/#\/schema\/person\/e7a70d94886f6ceeca36a0504875e437","name":"Marketing","image":{"@type":"ImageObject","inLanguage":"it-IT","@id":"https:\/\/www.activis.swiss\/it\/#\/schema\/person\/image\/","url":"https:\/\/secure.gravatar.com\/avatar\/f195d15fff822d4a270e0b5fb1a9e8c2747b615b4a99b3fcec5f6fcaf8b72d03?s=96&d=mm&r=g","contentUrl":"https:\/\/secure.gravatar.com\/avatar\/f195d15fff822d4a270e0b5fb1a9e8c2747b615b4a99b3fcec5f6fcaf8b72d03?s=96&d=mm&r=g","caption":"Marketing"},"url":"https:\/\/www.activis.swiss\/it\/author\/teammarketing\/"}]}},"_links":{"self":[{"href":"https:\/\/www.activis.swiss\/it\/wp-json\/wp\/v2\/posts\/805","targetHints":{"allow":["GET"]}}],"collection":[{"href":"https:\/\/www.activis.swiss\/it\/wp-json\/wp\/v2\/posts"}],"about":[{"href":"https:\/\/www.activis.swiss\/it\/wp-json\/wp\/v2\/types\/post"}],"author":[{"embeddable":true,"href":"https:\/\/www.activis.swiss\/it\/wp-json\/wp\/v2\/users\/9"}],"replies":[{"embeddable":true,"href":"https:\/\/www.activis.swiss\/it\/wp-json\/wp\/v2\/comments?post=805"}],"version-history":[{"count":1,"href":"https:\/\/www.activis.swiss\/it\/wp-json\/wp\/v2\/posts\/805\/revisions"}],"predecessor-version":[{"id":806,"href":"https:\/\/www.activis.swiss\/it\/wp-json\/wp\/v2\/posts\/805\/revisions\/806"}],"wp:featuredmedia":[{"embeddable":true,"href":"https:\/\/www.activis.swiss\/it\/wp-json\/wp\/v2\/media\/793"}],"wp:attachment":[{"href":"https:\/\/www.activis.swiss\/it\/wp-json\/wp\/v2\/media?parent=805"}],"wp:term":[{"taxonomy":"category","embeddable":true,"href":"https:\/\/www.activis.swiss\/it\/wp-json\/wp\/v2\/categories?post=805"},{"taxonomy":"post_tag","embeddable":true,"href":"https:\/\/www.activis.swiss\/it\/wp-json\/wp\/v2\/tags?post=805"}],"curies":[{"name":"wp","href":"https:\/\/api.w.org\/{rel}","templated":true}]}}