{"id":776,"date":"2025-02-19T09:13:11","date_gmt":"2025-02-19T08:13:11","guid":{"rendered":"https:\/\/www.activis.swiss\/?p=776"},"modified":"2025-02-19T09:22:49","modified_gmt":"2025-02-19T08:22:49","slug":"limpegno-degli-anziani-visto-da-dg-rail","status":"publish","type":"post","link":"https:\/\/www.activis.swiss\/it\/limpegno-degli-anziani-visto-da-dg-rail\/","title":{"rendered":"L&#8217;impegno degli anziani visto da DG Rail"},"content":{"rendered":"\n<p><em>In DG Rail, azienda specializzata in infrastrutture elettriche ferroviarie, la gestione degli anziani \u00e8 da tempo una priorit\u00e0. Ne \u00e8 la prova il caso di un collaboratore di lunga data, recentemente andato in pensione, che continua a mettere a disposizione dell&#8217;azienda le sue competenze. Ecco come la sua esperienza e la sua capacit\u00e0 di trasmettere un know-how unico vanno a vantaggio del suo datore di lavoro.<\/em><\/p>\n\n\n\n<p>DG Rail si impegna da diversi anni a valorizzare le competenze dei suoi dipendenti senior. Attiva nella costruzione e manutenzione di reti ferroviarie elettriche, l&#8217;azienda deve affrontare una sfida comune a molte aziende svizzere: la carenza di personale qualificato. In questo contesto, i pensionati, forti della loro esperienza, svolgono un ruolo cruciale. Questo impegno fa parte di un approccio proattivo, ben radicato nei valori di DG Rail, come dimostra il percorso di un collaboratore in servizio presso la sede di Bussigny (VD), che continua a lavorare dopo l&#8217;et\u00e0 della pensione.<\/p>\n\n\n\n<h2 class=\"wp-block-heading\">Una scelta saggia<\/h2>\n\n\n\n<p>Questo collaboratore \u00e8 entrato a far parte di DG Rail come montatore e ha scalato i gradini per ricoprire posizioni chiave, tra cui quella di coordinatore di progetti. Quando si \u00e8 avvicinato all&#8217;et\u00e0 della pensione, l&#8217;azienda si \u00e8 trovata di fronte a un vero rompicapo. La partenza di un logista ha lasciato vacante una posizione cruciale, che richiedeva le competenze di una persona autonoma e con una profonda conoscenza dei processi interni e del materiale utilizzato. Grazie alla sua pluriennale esperienza sul campo e alla sua versatilit\u00e0, questo giovane pensionato \u00e8 stato invitato a prolungare il suo contratto e a soddisfare questa urgente necessit\u00e0.<\/p>\n\n\n\n<p>Questa scelta si \u00e8 rivelata saggia, non solo per garantire la continuit\u00e0 dei progetti in corso, ma anche per consentire al collaboratore di trasmettere le proprie conoscenze alle giovani generazioni. \u201cUno dei punti di forza degli anziani risiede nella loro capacit\u00e0 di condividere le loro conoscenze specifiche\u201d, spiega C\u00e9dric Mo\u00ebnnath, HR Business Partner presso DG Rail. Questo aspetto intergenerazionale \u00e8 percepito come una ricchezza, che crea una competizione positiva all&#8217;interno dei team.<\/p>\n\n\n\n<h2 class=\"wp-block-heading\">Un dovere di anticipazione per tutti<\/h2>\n\n\n\n<p>Questo esempio non \u00e8 isolato all&#8217;interno del gruppo Arnold, di cui fa parte DG Rail. Anche in un&#8217;altra societ\u00e0 del gruppo viene sottolineato l&#8217;impegno nei confronti degli anziani. Nel 2021, tre collaboratori che hanno raggiunto l&#8217;et\u00e0 pensionabile hanno infatti scelto di continuare la loro attivit\u00e0 a tempo parziale, a testimonianza dell&#8217;importanza attribuita dal gruppo alla conservazione del sapere e alla trasmissione intergenerazionale.<\/p>\n\n\n\n<p>Lavorare oltre il pensionamento rimane comunque una sfida. C\u00e9dric Mo\u00ebnnath sottolinea l&#8217;importanza per i dipendenti di anticipare bene questa fase della loro carriera. Secondo lui, \u00e8 frequente che alcuni pensionati sopravvalutino la loro capacit\u00e0 di mantenere un ritmo sostenuto, soprattutto in lavori fisici come quelli del settore ferroviario o delle infrastrutture. Inoltre, le persone che continuano a lavorare rinunciano a una parte della libert\u00e0 rimanendo soggette a determinati vincoli di orario. \u201cEppure la libert\u00e0 \u00e8 la forza del pensionato\u201d, ricorda, insistendo sulla necessit\u00e0 di fare questa scelta per desiderio e non per pura necessit\u00e0.<\/p>\n\n\n\n<p>Per le aziende come DG Rail, anche la previsione \u00e8 un fattore chiave. C\u00e9dric Mo\u00ebnnath sottolinea l&#8217;importanza per i datori di lavoro di pianificare il passaggio generazionale. \u201cUn responsabile delle risorse umane pu\u00f2 e deve anticipare le partenze e mettere in atto misure per garantire la trasmissione delle conoscenze prima che i dipendenti lascino definitivamente il loro posto di lavoro\u201d.<\/p>\n\n\n\n<h2 class=\"wp-block-heading\">L&#8217;importanza delle conoscenze specifiche<\/h2>\n\n\n\n<p>Sulla base della sua esperienza professionale, delle sue osservazioni personali e degli scambi che ha regolarmente con i suoi colleghi, C\u00e9dric Mo\u00ebnnath \u00e8 in grado di offrire consigli pertinenti ai futuri pensionati. Raccomanda in particolare di prepararsi a questa scadenza considerando, ad esempio, un prepensionamento a partire dai 60 anni, combinato con un lavoro part-time, per facilitare il passaggio alla pensione. \u00abIn generale, la forza del pensionato risiede nelle sue conoscenze specifiche. Sono queste che gli permettono di considerare la possibilit\u00e0 di continuare a lavorare dopo i 65 anni. Se si vuole cambiare settore di attivit\u00e0, \u00e8 meglio farlo con sufficiente anticipo\u00bb.<\/p>\n","protected":false},"excerpt":{"rendered":"<p>In DG Rail, azienda specializzata in infrastrutture elettriche ferroviarie, la gestione degli anziani \u00e8 da tempo una priorit\u00e0. Ne \u00e8 la prova il caso di un collaboratore di lunga data, recentemente andato in pensione, che continua a mettere a disposizione dell&#8217;azienda le sue competenze. Ecco come la sua esperienza e la sua capacit\u00e0 di trasmettere [&#8230;]<\/p>\n<p><a class=\"btn btn-secondary understrap-read-more-link\" href=\"https:\/\/www.activis.swiss\/it\/limpegno-degli-anziani-visto-da-dg-rail\/\">Leggi di pi\u00f9&#8230;<span class=\"screen-reader-text\"> from L&#8217;impegno degli anziani visto da DG Rail<\/span><\/a><\/p>\n","protected":false},"author":9,"featured_media":653,"comment_status":"closed","ping_status":"open","sticky":false,"template":"","format":"standard","meta":{"_monsterinsights_skip_tracking":false,"_monsterinsights_sitenote_active":false,"_monsterinsights_sitenote_note":"","_monsterinsights_sitenote_category":0,"footnotes":""},"categories":[59],"tags":[],"class_list":["post-776","post","type-post","status-publish","format-standard","has-post-thumbnail","hentry","category-blog-it"],"yoast_head":"<!-- This site is optimized with the Yoast SEO plugin v25.3 - https:\/\/yoast.com\/wordpress\/plugins\/seo\/ -->\n<title>L&#039;impegno degli anziani visto da DG Rail - activis<\/title>\n<meta name=\"robots\" content=\"index, follow, max-snippet:-1, max-image-preview:large, max-video-preview:-1\" \/>\n<link rel=\"canonical\" href=\"https:\/\/www.activis.swiss\/it\/limpegno-degli-anziani-visto-da-dg-rail\/\" \/>\n<meta property=\"og:locale\" content=\"it_IT\" \/>\n<meta property=\"og:type\" content=\"article\" \/>\n<meta property=\"og:title\" content=\"L&#039;impegno degli anziani visto da DG Rail - activis\" \/>\n<meta property=\"og:description\" content=\"In DG Rail, azienda specializzata in infrastrutture elettriche ferroviarie, la gestione degli anziani \u00e8 da tempo una priorit\u00e0. Ne \u00e8 la prova il caso di un collaboratore di lunga data, recentemente andato in pensione, che continua a mettere a disposizione dell&#8217;azienda le sue competenze. Ecco come la sua esperienza e la sua capacit\u00e0 di trasmettere [...]Leggi di pi\u00f9... from L&#8217;impegno degli anziani visto da DG Rail\" \/>\n<meta property=\"og:url\" content=\"https:\/\/www.activis.swiss\/it\/limpegno-degli-anziani-visto-da-dg-rail\/\" \/>\n<meta property=\"og:site_name\" content=\"activis\" \/>\n<meta property=\"article:published_time\" content=\"2025-02-19T08:13:11+00:00\" \/>\n<meta property=\"article:modified_time\" content=\"2025-02-19T08:22:49+00:00\" \/>\n<meta property=\"og:image\" content=\"https:\/\/www.activis.swiss\/wp-content\/uploads\/AdobeStock_425511153-scaled.jpeg\" \/>\n\t<meta property=\"og:image:width\" content=\"2560\" \/>\n\t<meta property=\"og:image:height\" content=\"1707\" \/>\n\t<meta property=\"og:image:type\" content=\"image\/jpeg\" \/>\n<meta name=\"author\" content=\"Marketing\" \/>\n<meta name=\"twitter:card\" content=\"summary_large_image\" \/>\n<meta name=\"twitter:label1\" content=\"Scritto da\" \/>\n\t<meta name=\"twitter:data1\" content=\"Marketing\" \/>\n\t<meta name=\"twitter:label2\" content=\"Tempo di lettura stimato\" \/>\n\t<meta name=\"twitter:data2\" content=\"4 minuti\" \/>\n<script type=\"application\/ld+json\" class=\"yoast-schema-graph\">{\"@context\":\"https:\/\/schema.org\",\"@graph\":[{\"@type\":\"WebPage\",\"@id\":\"https:\/\/www.activis.swiss\/it\/limpegno-degli-anziani-visto-da-dg-rail\/\",\"url\":\"https:\/\/www.activis.swiss\/it\/limpegno-degli-anziani-visto-da-dg-rail\/\",\"name\":\"L'impegno degli anziani visto da DG Rail - activis\",\"isPartOf\":{\"@id\":\"https:\/\/www.activis.swiss\/it\/#website\"},\"primaryImageOfPage\":{\"@id\":\"https:\/\/www.activis.swiss\/it\/limpegno-degli-anziani-visto-da-dg-rail\/#primaryimage\"},\"image\":{\"@id\":\"https:\/\/www.activis.swiss\/it\/limpegno-degli-anziani-visto-da-dg-rail\/#primaryimage\"},\"thumbnailUrl\":\"https:\/\/www.activis.swiss\/wp-content\/uploads\/AdobeStock_425511153-scaled.jpeg\",\"datePublished\":\"2025-02-19T08:13:11+00:00\",\"dateModified\":\"2025-02-19T08:22:49+00:00\",\"author\":{\"@id\":\"https:\/\/www.activis.swiss\/it\/#\/schema\/person\/e7a70d94886f6ceeca36a0504875e437\"},\"breadcrumb\":{\"@id\":\"https:\/\/www.activis.swiss\/it\/limpegno-degli-anziani-visto-da-dg-rail\/#breadcrumb\"},\"inLanguage\":\"it-IT\",\"potentialAction\":[{\"@type\":\"ReadAction\",\"target\":[\"https:\/\/www.activis.swiss\/it\/limpegno-degli-anziani-visto-da-dg-rail\/\"]}]},{\"@type\":\"ImageObject\",\"inLanguage\":\"it-IT\",\"@id\":\"https:\/\/www.activis.swiss\/it\/limpegno-degli-anziani-visto-da-dg-rail\/#primaryimage\",\"url\":\"https:\/\/www.activis.swiss\/wp-content\/uploads\/AdobeStock_425511153-scaled.jpeg\",\"contentUrl\":\"https:\/\/www.activis.swiss\/wp-content\/uploads\/AdobeStock_425511153-scaled.jpeg\",\"width\":2560,\"height\":1707,\"caption\":\"Happy old caucasian businessman smiling working online watching webinar podcast on laptop and learning education course conference calling make notes sit at work desk, elearning concept\"},{\"@type\":\"BreadcrumbList\",\"@id\":\"https:\/\/www.activis.swiss\/it\/limpegno-degli-anziani-visto-da-dg-rail\/#breadcrumb\",\"itemListElement\":[{\"@type\":\"ListItem\",\"position\":1,\"name\":\"Accueil\",\"item\":\"https:\/\/www.activis.swiss\/it\/activis-e-se-esperienza-facesse-rima-con-abilita\/\"},{\"@type\":\"ListItem\",\"position\":2,\"name\":\"L&rsquo;impegno degli anziani visto da DG Rail\"}]},{\"@type\":\"WebSite\",\"@id\":\"https:\/\/www.activis.swiss\/it\/#website\",\"url\":\"https:\/\/www.activis.swiss\/it\/\",\"name\":\"activis\",\"description\":\"\",\"potentialAction\":[{\"@type\":\"SearchAction\",\"target\":{\"@type\":\"EntryPoint\",\"urlTemplate\":\"https:\/\/www.activis.swiss\/it\/?s={search_term_string}\"},\"query-input\":{\"@type\":\"PropertyValueSpecification\",\"valueRequired\":true,\"valueName\":\"search_term_string\"}}],\"inLanguage\":\"it-IT\"},{\"@type\":\"Person\",\"@id\":\"https:\/\/www.activis.swiss\/it\/#\/schema\/person\/e7a70d94886f6ceeca36a0504875e437\",\"name\":\"Marketing\",\"image\":{\"@type\":\"ImageObject\",\"inLanguage\":\"it-IT\",\"@id\":\"https:\/\/www.activis.swiss\/it\/#\/schema\/person\/image\/\",\"url\":\"https:\/\/secure.gravatar.com\/avatar\/f195d15fff822d4a270e0b5fb1a9e8c2747b615b4a99b3fcec5f6fcaf8b72d03?s=96&d=mm&r=g\",\"contentUrl\":\"https:\/\/secure.gravatar.com\/avatar\/f195d15fff822d4a270e0b5fb1a9e8c2747b615b4a99b3fcec5f6fcaf8b72d03?s=96&d=mm&r=g\",\"caption\":\"Marketing\"},\"url\":\"https:\/\/www.activis.swiss\/it\/author\/teammarketing\/\"}]}<\/script>\n<!-- \/ Yoast SEO plugin. -->","yoast_head_json":{"title":"L'impegno degli anziani visto da DG Rail - activis","robots":{"index":"index","follow":"follow","max-snippet":"max-snippet:-1","max-image-preview":"max-image-preview:large","max-video-preview":"max-video-preview:-1"},"canonical":"https:\/\/www.activis.swiss\/it\/limpegno-degli-anziani-visto-da-dg-rail\/","og_locale":"it_IT","og_type":"article","og_title":"L'impegno degli anziani visto da DG Rail - activis","og_description":"In DG Rail, azienda specializzata in infrastrutture elettriche ferroviarie, la gestione degli anziani \u00e8 da tempo una priorit\u00e0. Ne \u00e8 la prova il caso di un collaboratore di lunga data, recentemente andato in pensione, che continua a mettere a disposizione dell&#8217;azienda le sue competenze. Ecco come la sua esperienza e la sua capacit\u00e0 di trasmettere [...]Leggi di pi\u00f9... from L&#8217;impegno degli anziani visto da DG Rail","og_url":"https:\/\/www.activis.swiss\/it\/limpegno-degli-anziani-visto-da-dg-rail\/","og_site_name":"activis","article_published_time":"2025-02-19T08:13:11+00:00","article_modified_time":"2025-02-19T08:22:49+00:00","og_image":[{"width":2560,"height":1707,"url":"https:\/\/www.activis.swiss\/wp-content\/uploads\/AdobeStock_425511153-scaled.jpeg","type":"image\/jpeg"}],"author":"Marketing","twitter_card":"summary_large_image","twitter_misc":{"Scritto da":"Marketing","Tempo di lettura stimato":"4 minuti"},"schema":{"@context":"https:\/\/schema.org","@graph":[{"@type":"WebPage","@id":"https:\/\/www.activis.swiss\/it\/limpegno-degli-anziani-visto-da-dg-rail\/","url":"https:\/\/www.activis.swiss\/it\/limpegno-degli-anziani-visto-da-dg-rail\/","name":"L'impegno degli anziani visto da DG Rail - activis","isPartOf":{"@id":"https:\/\/www.activis.swiss\/it\/#website"},"primaryImageOfPage":{"@id":"https:\/\/www.activis.swiss\/it\/limpegno-degli-anziani-visto-da-dg-rail\/#primaryimage"},"image":{"@id":"https:\/\/www.activis.swiss\/it\/limpegno-degli-anziani-visto-da-dg-rail\/#primaryimage"},"thumbnailUrl":"https:\/\/www.activis.swiss\/wp-content\/uploads\/AdobeStock_425511153-scaled.jpeg","datePublished":"2025-02-19T08:13:11+00:00","dateModified":"2025-02-19T08:22:49+00:00","author":{"@id":"https:\/\/www.activis.swiss\/it\/#\/schema\/person\/e7a70d94886f6ceeca36a0504875e437"},"breadcrumb":{"@id":"https:\/\/www.activis.swiss\/it\/limpegno-degli-anziani-visto-da-dg-rail\/#breadcrumb"},"inLanguage":"it-IT","potentialAction":[{"@type":"ReadAction","target":["https:\/\/www.activis.swiss\/it\/limpegno-degli-anziani-visto-da-dg-rail\/"]}]},{"@type":"ImageObject","inLanguage":"it-IT","@id":"https:\/\/www.activis.swiss\/it\/limpegno-degli-anziani-visto-da-dg-rail\/#primaryimage","url":"https:\/\/www.activis.swiss\/wp-content\/uploads\/AdobeStock_425511153-scaled.jpeg","contentUrl":"https:\/\/www.activis.swiss\/wp-content\/uploads\/AdobeStock_425511153-scaled.jpeg","width":2560,"height":1707,"caption":"Happy old caucasian businessman smiling working online watching webinar podcast on laptop and learning education course conference calling make notes sit at work desk, elearning concept"},{"@type":"BreadcrumbList","@id":"https:\/\/www.activis.swiss\/it\/limpegno-degli-anziani-visto-da-dg-rail\/#breadcrumb","itemListElement":[{"@type":"ListItem","position":1,"name":"Accueil","item":"https:\/\/www.activis.swiss\/it\/activis-e-se-esperienza-facesse-rima-con-abilita\/"},{"@type":"ListItem","position":2,"name":"L&rsquo;impegno degli anziani visto da DG Rail"}]},{"@type":"WebSite","@id":"https:\/\/www.activis.swiss\/it\/#website","url":"https:\/\/www.activis.swiss\/it\/","name":"activis","description":"","potentialAction":[{"@type":"SearchAction","target":{"@type":"EntryPoint","urlTemplate":"https:\/\/www.activis.swiss\/it\/?s={search_term_string}"},"query-input":{"@type":"PropertyValueSpecification","valueRequired":true,"valueName":"search_term_string"}}],"inLanguage":"it-IT"},{"@type":"Person","@id":"https:\/\/www.activis.swiss\/it\/#\/schema\/person\/e7a70d94886f6ceeca36a0504875e437","name":"Marketing","image":{"@type":"ImageObject","inLanguage":"it-IT","@id":"https:\/\/www.activis.swiss\/it\/#\/schema\/person\/image\/","url":"https:\/\/secure.gravatar.com\/avatar\/f195d15fff822d4a270e0b5fb1a9e8c2747b615b4a99b3fcec5f6fcaf8b72d03?s=96&d=mm&r=g","contentUrl":"https:\/\/secure.gravatar.com\/avatar\/f195d15fff822d4a270e0b5fb1a9e8c2747b615b4a99b3fcec5f6fcaf8b72d03?s=96&d=mm&r=g","caption":"Marketing"},"url":"https:\/\/www.activis.swiss\/it\/author\/teammarketing\/"}]}},"_links":{"self":[{"href":"https:\/\/www.activis.swiss\/it\/wp-json\/wp\/v2\/posts\/776","targetHints":{"allow":["GET"]}}],"collection":[{"href":"https:\/\/www.activis.swiss\/it\/wp-json\/wp\/v2\/posts"}],"about":[{"href":"https:\/\/www.activis.swiss\/it\/wp-json\/wp\/v2\/types\/post"}],"author":[{"embeddable":true,"href":"https:\/\/www.activis.swiss\/it\/wp-json\/wp\/v2\/users\/9"}],"replies":[{"embeddable":true,"href":"https:\/\/www.activis.swiss\/it\/wp-json\/wp\/v2\/comments?post=776"}],"version-history":[{"count":1,"href":"https:\/\/www.activis.swiss\/it\/wp-json\/wp\/v2\/posts\/776\/revisions"}],"predecessor-version":[{"id":777,"href":"https:\/\/www.activis.swiss\/it\/wp-json\/wp\/v2\/posts\/776\/revisions\/777"}],"wp:featuredmedia":[{"embeddable":true,"href":"https:\/\/www.activis.swiss\/it\/wp-json\/wp\/v2\/media\/653"}],"wp:attachment":[{"href":"https:\/\/www.activis.swiss\/it\/wp-json\/wp\/v2\/media?parent=776"}],"wp:term":[{"taxonomy":"category","embeddable":true,"href":"https:\/\/www.activis.swiss\/it\/wp-json\/wp\/v2\/categories?post=776"},{"taxonomy":"post_tag","embeddable":true,"href":"https:\/\/www.activis.swiss\/it\/wp-json\/wp\/v2\/tags?post=776"}],"curies":[{"name":"wp","href":"https:\/\/api.w.org\/{rel}","templated":true}]}}