{"id":766,"date":"2025-02-03T22:23:47","date_gmt":"2025-02-03T21:23:47","guid":{"rendered":"https:\/\/www.activis.swiss\/infermiera-dopo-i-65-anni-tra-necessita-e-vocazione\/"},"modified":"2025-02-03T22:31:12","modified_gmt":"2025-02-03T21:31:12","slug":"infermiera-dopo-i-65-anni-tra-necessita-e-vocazione","status":"publish","type":"post","link":"https:\/\/www.activis.swiss\/it\/infermiera-dopo-i-65-anni-tra-necessita-e-vocazione\/","title":{"rendered":"Infermiera dopo i 65 anni: tra necessit\u00e0 e vocazione"},"content":{"rendered":"\n<p><em><span class=\"TextRun SCXW66435303 BCX8\" lang=\"IT-IT\" xml:lang=\"IT-IT\" data-contrast=\"auto\"><span class=\"NormalTextRun SCXW66435303 BCX8\">Dopo aver dedicato la sua vita a sostenere il marito nella sua professione liberale, Elisabeth, infermiera di formazione, ha dovuto riprendere il lavoro dopo l\u2019et\u00e0 della pensione. Inizialmente per necessit\u00e0, <\/span><span class=\"NormalTextRun SCXW66435303 BCX8\">\u00e8 diventato ben presto una fonte di soddisfazione personale<\/span><span class=\"NormalTextRun SCXW66435303 BCX8\">, legata all&#8217;amore per la sua professione e per i suoi pazienti.<\/span><\/span><span class=\"EOP SCXW66435303 BCX8\" data-ccp-props=\"{&quot;335551550&quot;:6,&quot;335551620&quot;:6}\">\u00a0<\/span><\/em><\/p>\n\n<p>Elisabeth*, infermiera di formazione, non avrebbe mai immaginato di tornare al lavoro dopo aver raggiunto l&#8217;et\u00e0 ufficiale della pensione. Ma le circostanze difficili l&#8217;hanno costretta a farlo. Sposata con un libero professionista che aveva assistito per tutta la sua carriera, si \u00e8 trovata di fronte a una situazione inaspettata quando il marito si \u00e8 ammalato gravemente. L&#8217;intero fondo pensione che avevano accumulato insieme \u00e8 stato assorbito dalle spese di assistenza e la tutela del marito ha lasciato Elisabeth senza risorse sufficienti. Vivere con la sua pensione AVS? Impossibile. Cos\u00ec ha preso la coraggiosa decisione di tornare al lavoro. <\/p>\n\n<h3 class=\"wp-block-heading\">Ben ricevuto <\/h3>\n\n<p>La sua fortuna in questa prova? Una lunga esperienza come infermiera. Abituata a eseguire procedure mediche come radiografie ed esami del sangue nell&#8217;ambito dell&#8217;attivit\u00e0 professionale del marito, Elisabeth ha potuto sfruttare queste solide competenze per tornare al lavoro. Oggi lavora presso un CMS a un tasso del 60%, principalmente a casa. \u201cQuesta configurazione mi si addice perfettamente; \u00e8 ci\u00f2 che sono disposta a dare\u201d, confida. <\/p>\n\n<p>Non \u00e8 stato facile iniziare, data la sua situazione personale, ma Elisabeth \u00e8 stata ben accolta dai suoi colleghi. Prima di entrare nel CMS ha lavorato negli ospedali e nell&#8217;EMS, un ambiente che le piace particolarmente. Sebbene alcuni colleghi si stupiscano che lavori ancora alla sua et\u00e0, il suo lavoro a domicilio le permette di incontrare pochissimi altri assistenti e di concentrarsi principalmente sui suoi pazienti. Viaggia molto ogni giorno, tra i 50 e i 100 chilometri per visitare i suoi pazienti. Questo ritmo, anche se faticoso, non le impedisce di godere del rapporto diretto che instaura con le persone di cui si prende cura. \u201cMi occupo del mio prossimo, come ho sempre fatto. <\/p>\n\n<h3 class=\"wp-block-heading\">Un lavoro impegnativo <\/h3>\n\n<p>Ai suoi occhi, la professione infermieristica non ha perso nulla della sua bellezza. Stare a contatto con le persone che hanno bisogno di cure, aiutarle, \u00e8 ci\u00f2 che continua a motivarla. Anche il fatto di poter condividere la sua esperienza con i giovani che si affacciano alla professione \u00e8 fonte di soddisfazione. Pur riconoscendo che la carenza di personale di assistenza rende necessario il suo impegno, insiste sulla dimensione umana e gratificante del suo lavoro. A suo avviso, anche le nuove generazioni hanno da imparare dall&#8217;esperienza degli anziani. <\/p>\n\n<p>Detto questo, Elisabeth non ignora gli aspetti pi\u00f9 difficili del suo lavoro. Gli spostamenti sono estenuanti e il lavoro, anche se part-time, richiede una forma di abnegazione. Bisogna avere la stessa passione di quando si avevano 30 o 40 anni. A volte \u00e8 stanca e alcuni giorni sono pi\u00f9 difficili di altri, ma non ha rimpianti per la sua scelta. Il suo impegno oltre l&#8217;et\u00e0 della pensione ha senso: \u201cAmo il mio lavoro e sono felice di poter essere ancora utile\u201d, dice. <\/p>\n\n<h3 class=\"wp-block-heading\">Una grande opportunit\u00e0 per i senior <\/h3>\n\n<p>Il suo consiglio a un pensionato che sta pensando di tornare al lavoro? \u201c\u00c8 una grande professione, ma richiede una vera dedizione. Bisogna essere pronti a darsi da fare e a farsi coinvolgere\u201d. Per Elisabeth, il fatto che Activis renda pi\u00f9 facile il coinvolgimento degli anziani offrendo opportunit\u00e0 adatte alla loro situazione dimostra che la societ\u00e0 ha ancora molto da guadagnare dall&#8217;esperienza dei pensionati. \u201cNon \u00e8 un passo indietro, \u00e8 un modo per continuare ad andare avanti contribuendo agli altri\u201d. <\/p>\n\n<p>A parte l&#8217;obbligo finanziario che l&#8217;ha spinta a tornare al lavoro, Elisabeth trova ora una vera e propria realizzazione nella sua nuova routine professionale. Lungi dall&#8217;essere un peso, il suo lavoro \u00e8 significativo e continua a offrirle momenti di soddisfazione. \u201c\u00c8 vero, \u00e8 impegnativo, ma sento che sto facendo qualcosa di utile ogni giorno. \u00c8 l&#8217;unica cosa che conta\u201d. <\/p>\n\n<p><\/p>\n\n<p>* Nome alias <\/p>\n\n<p><\/p>\n","protected":false},"excerpt":{"rendered":"<p>Dopo aver dedicato la sua vita a sostenere il marito nella sua professione liberale, Elisabeth, infermiera di formazione, ha dovuto riprendere il lavoro dopo l\u2019et\u00e0 della pensione. Inizialmente per necessit\u00e0, \u00e8 diventato ben presto una fonte di soddisfazione personale, legata all&#8217;amore per la sua professione e per i suoi pazienti.\u00a0 Elisabeth*, infermiera di formazione, non [&#8230;]<\/p>\n<p><a class=\"btn btn-secondary understrap-read-more-link\" href=\"https:\/\/www.activis.swiss\/it\/infermiera-dopo-i-65-anni-tra-necessita-e-vocazione\/\">Leggi di pi\u00f9&#8230;<span class=\"screen-reader-text\"> from Infermiera dopo i 65 anni: tra necessit\u00e0 e vocazione<\/span><\/a><\/p>\n","protected":false},"author":9,"featured_media":760,"comment_status":"closed","ping_status":"open","sticky":false,"template":"","format":"standard","meta":{"_monsterinsights_skip_tracking":false,"_monsterinsights_sitenote_active":false,"_monsterinsights_sitenote_note":"","_monsterinsights_sitenote_category":0,"footnotes":""},"categories":[59,11],"tags":[],"class_list":["post-766","post","type-post","status-publish","format-standard","has-post-thumbnail","hentry","category-blog-it","category-non-categorizzato"],"yoast_head":"<!-- This site is optimized with the Yoast SEO plugin v25.3 - https:\/\/yoast.com\/wordpress\/plugins\/seo\/ -->\n<title>Infermiera dopo i 65 anni: tra necessit\u00e0 e vocazione - activis<\/title>\n<meta name=\"robots\" content=\"index, follow, max-snippet:-1, max-image-preview:large, max-video-preview:-1\" \/>\n<link rel=\"canonical\" href=\"https:\/\/www.activis.swiss\/it\/infermiera-dopo-i-65-anni-tra-necessita-e-vocazione\/\" \/>\n<meta property=\"og:locale\" content=\"it_IT\" \/>\n<meta property=\"og:type\" content=\"article\" \/>\n<meta property=\"og:title\" content=\"Infermiera dopo i 65 anni: tra necessit\u00e0 e vocazione - activis\" \/>\n<meta property=\"og:description\" content=\"Dopo aver dedicato la sua vita a sostenere il marito nella sua professione liberale, Elisabeth, infermiera di formazione, ha dovuto riprendere il lavoro dopo l\u2019et\u00e0 della pensione. Inizialmente per necessit\u00e0, \u00e8 diventato ben presto una fonte di soddisfazione personale, legata all&#8217;amore per la sua professione e per i suoi pazienti.\u00a0 Elisabeth*, infermiera di formazione, non [...]Leggi di pi\u00f9... from Infermiera dopo i 65 anni: tra necessit\u00e0 e vocazione\" \/>\n<meta property=\"og:url\" content=\"https:\/\/www.activis.swiss\/it\/infermiera-dopo-i-65-anni-tra-necessita-e-vocazione\/\" \/>\n<meta property=\"og:site_name\" content=\"activis\" \/>\n<meta property=\"article:published_time\" content=\"2025-02-03T21:23:47+00:00\" \/>\n<meta property=\"article:modified_time\" content=\"2025-02-03T21:31:12+00:00\" \/>\n<meta property=\"og:image\" content=\"https:\/\/www.activis.swiss\/wp-content\/uploads\/AdobeStock_264600108-scaled.jpeg\" \/>\n\t<meta property=\"og:image:width\" content=\"2560\" \/>\n\t<meta property=\"og:image:height\" content=\"1707\" \/>\n\t<meta property=\"og:image:type\" content=\"image\/jpeg\" \/>\n<meta name=\"author\" content=\"Marketing\" \/>\n<meta name=\"twitter:card\" content=\"summary_large_image\" \/>\n<meta name=\"twitter:label1\" content=\"Scritto da\" \/>\n\t<meta name=\"twitter:data1\" content=\"Marketing\" \/>\n\t<meta name=\"twitter:label2\" content=\"Tempo di lettura stimato\" \/>\n\t<meta name=\"twitter:data2\" content=\"3 minuti\" \/>\n<script type=\"application\/ld+json\" class=\"yoast-schema-graph\">{\"@context\":\"https:\/\/schema.org\",\"@graph\":[{\"@type\":\"WebPage\",\"@id\":\"https:\/\/www.activis.swiss\/it\/infermiera-dopo-i-65-anni-tra-necessita-e-vocazione\/\",\"url\":\"https:\/\/www.activis.swiss\/it\/infermiera-dopo-i-65-anni-tra-necessita-e-vocazione\/\",\"name\":\"Infermiera dopo i 65 anni: tra necessit\u00e0 e vocazione - activis\",\"isPartOf\":{\"@id\":\"https:\/\/www.activis.swiss\/it\/#website\"},\"primaryImageOfPage\":{\"@id\":\"https:\/\/www.activis.swiss\/it\/infermiera-dopo-i-65-anni-tra-necessita-e-vocazione\/#primaryimage\"},\"image\":{\"@id\":\"https:\/\/www.activis.swiss\/it\/infermiera-dopo-i-65-anni-tra-necessita-e-vocazione\/#primaryimage\"},\"thumbnailUrl\":\"https:\/\/www.activis.swiss\/wp-content\/uploads\/AdobeStock_264600108-scaled.jpeg\",\"datePublished\":\"2025-02-03T21:23:47+00:00\",\"dateModified\":\"2025-02-03T21:31:12+00:00\",\"author\":{\"@id\":\"https:\/\/www.activis.swiss\/it\/#\/schema\/person\/e7a70d94886f6ceeca36a0504875e437\"},\"breadcrumb\":{\"@id\":\"https:\/\/www.activis.swiss\/it\/infermiera-dopo-i-65-anni-tra-necessita-e-vocazione\/#breadcrumb\"},\"inLanguage\":\"it-IT\",\"potentialAction\":[{\"@type\":\"ReadAction\",\"target\":[\"https:\/\/www.activis.swiss\/it\/infermiera-dopo-i-65-anni-tra-necessita-e-vocazione\/\"]}]},{\"@type\":\"ImageObject\",\"inLanguage\":\"it-IT\",\"@id\":\"https:\/\/www.activis.swiss\/it\/infermiera-dopo-i-65-anni-tra-necessita-e-vocazione\/#primaryimage\",\"url\":\"https:\/\/www.activis.swiss\/wp-content\/uploads\/AdobeStock_264600108-scaled.jpeg\",\"contentUrl\":\"https:\/\/www.activis.swiss\/wp-content\/uploads\/AdobeStock_264600108-scaled.jpeg\",\"width\":2560,\"height\":1707},{\"@type\":\"BreadcrumbList\",\"@id\":\"https:\/\/www.activis.swiss\/it\/infermiera-dopo-i-65-anni-tra-necessita-e-vocazione\/#breadcrumb\",\"itemListElement\":[{\"@type\":\"ListItem\",\"position\":1,\"name\":\"Accueil\",\"item\":\"https:\/\/www.activis.swiss\/it\/activis-e-se-esperienza-facesse-rima-con-abilita\/\"},{\"@type\":\"ListItem\",\"position\":2,\"name\":\"Infermiera dopo i 65 anni: tra necessit\u00e0 e vocazione\"}]},{\"@type\":\"WebSite\",\"@id\":\"https:\/\/www.activis.swiss\/it\/#website\",\"url\":\"https:\/\/www.activis.swiss\/it\/\",\"name\":\"activis\",\"description\":\"\",\"potentialAction\":[{\"@type\":\"SearchAction\",\"target\":{\"@type\":\"EntryPoint\",\"urlTemplate\":\"https:\/\/www.activis.swiss\/it\/?s={search_term_string}\"},\"query-input\":{\"@type\":\"PropertyValueSpecification\",\"valueRequired\":true,\"valueName\":\"search_term_string\"}}],\"inLanguage\":\"it-IT\"},{\"@type\":\"Person\",\"@id\":\"https:\/\/www.activis.swiss\/it\/#\/schema\/person\/e7a70d94886f6ceeca36a0504875e437\",\"name\":\"Marketing\",\"image\":{\"@type\":\"ImageObject\",\"inLanguage\":\"it-IT\",\"@id\":\"https:\/\/www.activis.swiss\/it\/#\/schema\/person\/image\/\",\"url\":\"https:\/\/secure.gravatar.com\/avatar\/f195d15fff822d4a270e0b5fb1a9e8c2747b615b4a99b3fcec5f6fcaf8b72d03?s=96&d=mm&r=g\",\"contentUrl\":\"https:\/\/secure.gravatar.com\/avatar\/f195d15fff822d4a270e0b5fb1a9e8c2747b615b4a99b3fcec5f6fcaf8b72d03?s=96&d=mm&r=g\",\"caption\":\"Marketing\"},\"url\":\"https:\/\/www.activis.swiss\/it\/author\/teammarketing\/\"}]}<\/script>\n<!-- \/ Yoast SEO plugin. -->","yoast_head_json":{"title":"Infermiera dopo i 65 anni: tra necessit\u00e0 e vocazione - activis","robots":{"index":"index","follow":"follow","max-snippet":"max-snippet:-1","max-image-preview":"max-image-preview:large","max-video-preview":"max-video-preview:-1"},"canonical":"https:\/\/www.activis.swiss\/it\/infermiera-dopo-i-65-anni-tra-necessita-e-vocazione\/","og_locale":"it_IT","og_type":"article","og_title":"Infermiera dopo i 65 anni: tra necessit\u00e0 e vocazione - activis","og_description":"Dopo aver dedicato la sua vita a sostenere il marito nella sua professione liberale, Elisabeth, infermiera di formazione, ha dovuto riprendere il lavoro dopo l\u2019et\u00e0 della pensione. Inizialmente per necessit\u00e0, \u00e8 diventato ben presto una fonte di soddisfazione personale, legata all&#8217;amore per la sua professione e per i suoi pazienti.\u00a0 Elisabeth*, infermiera di formazione, non [...]Leggi di pi\u00f9... from Infermiera dopo i 65 anni: tra necessit\u00e0 e vocazione","og_url":"https:\/\/www.activis.swiss\/it\/infermiera-dopo-i-65-anni-tra-necessita-e-vocazione\/","og_site_name":"activis","article_published_time":"2025-02-03T21:23:47+00:00","article_modified_time":"2025-02-03T21:31:12+00:00","og_image":[{"width":2560,"height":1707,"url":"https:\/\/www.activis.swiss\/wp-content\/uploads\/AdobeStock_264600108-scaled.jpeg","type":"image\/jpeg"}],"author":"Marketing","twitter_card":"summary_large_image","twitter_misc":{"Scritto da":"Marketing","Tempo di lettura stimato":"3 minuti"},"schema":{"@context":"https:\/\/schema.org","@graph":[{"@type":"WebPage","@id":"https:\/\/www.activis.swiss\/it\/infermiera-dopo-i-65-anni-tra-necessita-e-vocazione\/","url":"https:\/\/www.activis.swiss\/it\/infermiera-dopo-i-65-anni-tra-necessita-e-vocazione\/","name":"Infermiera dopo i 65 anni: tra necessit\u00e0 e vocazione - activis","isPartOf":{"@id":"https:\/\/www.activis.swiss\/it\/#website"},"primaryImageOfPage":{"@id":"https:\/\/www.activis.swiss\/it\/infermiera-dopo-i-65-anni-tra-necessita-e-vocazione\/#primaryimage"},"image":{"@id":"https:\/\/www.activis.swiss\/it\/infermiera-dopo-i-65-anni-tra-necessita-e-vocazione\/#primaryimage"},"thumbnailUrl":"https:\/\/www.activis.swiss\/wp-content\/uploads\/AdobeStock_264600108-scaled.jpeg","datePublished":"2025-02-03T21:23:47+00:00","dateModified":"2025-02-03T21:31:12+00:00","author":{"@id":"https:\/\/www.activis.swiss\/it\/#\/schema\/person\/e7a70d94886f6ceeca36a0504875e437"},"breadcrumb":{"@id":"https:\/\/www.activis.swiss\/it\/infermiera-dopo-i-65-anni-tra-necessita-e-vocazione\/#breadcrumb"},"inLanguage":"it-IT","potentialAction":[{"@type":"ReadAction","target":["https:\/\/www.activis.swiss\/it\/infermiera-dopo-i-65-anni-tra-necessita-e-vocazione\/"]}]},{"@type":"ImageObject","inLanguage":"it-IT","@id":"https:\/\/www.activis.swiss\/it\/infermiera-dopo-i-65-anni-tra-necessita-e-vocazione\/#primaryimage","url":"https:\/\/www.activis.swiss\/wp-content\/uploads\/AdobeStock_264600108-scaled.jpeg","contentUrl":"https:\/\/www.activis.swiss\/wp-content\/uploads\/AdobeStock_264600108-scaled.jpeg","width":2560,"height":1707},{"@type":"BreadcrumbList","@id":"https:\/\/www.activis.swiss\/it\/infermiera-dopo-i-65-anni-tra-necessita-e-vocazione\/#breadcrumb","itemListElement":[{"@type":"ListItem","position":1,"name":"Accueil","item":"https:\/\/www.activis.swiss\/it\/activis-e-se-esperienza-facesse-rima-con-abilita\/"},{"@type":"ListItem","position":2,"name":"Infermiera dopo i 65 anni: tra necessit\u00e0 e vocazione"}]},{"@type":"WebSite","@id":"https:\/\/www.activis.swiss\/it\/#website","url":"https:\/\/www.activis.swiss\/it\/","name":"activis","description":"","potentialAction":[{"@type":"SearchAction","target":{"@type":"EntryPoint","urlTemplate":"https:\/\/www.activis.swiss\/it\/?s={search_term_string}"},"query-input":{"@type":"PropertyValueSpecification","valueRequired":true,"valueName":"search_term_string"}}],"inLanguage":"it-IT"},{"@type":"Person","@id":"https:\/\/www.activis.swiss\/it\/#\/schema\/person\/e7a70d94886f6ceeca36a0504875e437","name":"Marketing","image":{"@type":"ImageObject","inLanguage":"it-IT","@id":"https:\/\/www.activis.swiss\/it\/#\/schema\/person\/image\/","url":"https:\/\/secure.gravatar.com\/avatar\/f195d15fff822d4a270e0b5fb1a9e8c2747b615b4a99b3fcec5f6fcaf8b72d03?s=96&d=mm&r=g","contentUrl":"https:\/\/secure.gravatar.com\/avatar\/f195d15fff822d4a270e0b5fb1a9e8c2747b615b4a99b3fcec5f6fcaf8b72d03?s=96&d=mm&r=g","caption":"Marketing"},"url":"https:\/\/www.activis.swiss\/it\/author\/teammarketing\/"}]}},"_links":{"self":[{"href":"https:\/\/www.activis.swiss\/it\/wp-json\/wp\/v2\/posts\/766","targetHints":{"allow":["GET"]}}],"collection":[{"href":"https:\/\/www.activis.swiss\/it\/wp-json\/wp\/v2\/posts"}],"about":[{"href":"https:\/\/www.activis.swiss\/it\/wp-json\/wp\/v2\/types\/post"}],"author":[{"embeddable":true,"href":"https:\/\/www.activis.swiss\/it\/wp-json\/wp\/v2\/users\/9"}],"replies":[{"embeddable":true,"href":"https:\/\/www.activis.swiss\/it\/wp-json\/wp\/v2\/comments?post=766"}],"version-history":[{"count":3,"href":"https:\/\/www.activis.swiss\/it\/wp-json\/wp\/v2\/posts\/766\/revisions"}],"predecessor-version":[{"id":769,"href":"https:\/\/www.activis.swiss\/it\/wp-json\/wp\/v2\/posts\/766\/revisions\/769"}],"wp:featuredmedia":[{"embeddable":true,"href":"https:\/\/www.activis.swiss\/it\/wp-json\/wp\/v2\/media\/760"}],"wp:attachment":[{"href":"https:\/\/www.activis.swiss\/it\/wp-json\/wp\/v2\/media?parent=766"}],"wp:term":[{"taxonomy":"category","embeddable":true,"href":"https:\/\/www.activis.swiss\/it\/wp-json\/wp\/v2\/categories?post=766"},{"taxonomy":"post_tag","embeddable":true,"href":"https:\/\/www.activis.swiss\/it\/wp-json\/wp\/v2\/tags?post=766"}],"curies":[{"name":"wp","href":"https:\/\/api.w.org\/{rel}","templated":true}]}}