{"id":762,"date":"2025-02-03T22:23:47","date_gmt":"2025-02-03T21:23:47","guid":{"rendered":"https:\/\/www.activis.swiss\/pflegekraft-ueber-65-zwischen-notwendigkeit-und-berufung\/"},"modified":"2025-02-03T22:28:21","modified_gmt":"2025-02-03T21:28:21","slug":"pflegekraft-ueber-65-zwischen-notwendigkeit-und-berufung","status":"publish","type":"post","link":"https:\/\/www.activis.swiss\/de\/pflegekraft-ueber-65-zwischen-notwendigkeit-und-berufung\/","title":{"rendered":"Pflegekraft \u00fcber 65: Zwischen Notwendigkeit und Berufung"},"content":{"rendered":"\n<p><em><span class=\"TextRun SCXW258595113 BCX8\" lang=\"DE-CH\" xml:lang=\"DE-CH\" data-contrast=\"auto\"><span class=\"NormalTextRun SCXW258595113 BCX8\">Nachdem sie ihr Leben lang ihren Mann in seine<\/span><span class=\"NormalTextRun SCXW258595113 BCX8\">r selbstst\u00e4ndigen beruflichen Laufbahn<\/span> <span class=\"NormalTextRun SCXW258595113 BCX8\">unterst\u00fctzt<\/span><span class=\"NormalTextRun SCXW258595113 BCX8\"> hatte<\/span><span class=\"NormalTextRun SCXW258595113 BCX8\">, musste Elisabeth,<\/span> <span class=\"NormalTextRun SCXW258595113 BCX8\">ausgebildete <\/span><span class=\"NormalTextRun SCXW258595113 BCX8\">Pflegefachfrau<\/span><span class=\"NormalTextRun SCXW258595113 BCX8\">, nach<\/span><span class=\"NormalTextRun SCXW258595113 BCX8\"> ihrer Pensionierung<\/span><span class=\"NormalTextRun SCXW258595113 BCX8\"> w<\/span><span class=\"NormalTextRun SCXW258595113 BCX8\">ieder <\/span><span class=\"NormalTextRun SCXW258595113 BCX8\">ins Berufsleben zur\u00fcckkehren<\/span><span class=\"NormalTextRun SCXW258595113 BCX8\">. <\/span><span class=\"NormalTextRun SCXW258595113 BCX8\">Was zun\u00e4chst eine Notwendigkeit war, <\/span><span class=\"NormalTextRun SCXW258595113 BCX8\">entwickelte<\/span><span class=\"NormalTextRun SCXW258595113 BCX8\"> sich schnell zu einer erf\u00fcllenden Aufgabe <\/span><span class=\"NormalTextRun SCXW258595113 BCX8\">\u2013 angetrieben von ihrer Leidenschaft f\u00fcr den Beruf und die F\u00fcrsorge f\u00fcr ihre Patienten.<\/span><\/span><span class=\"EOP SCXW258595113 BCX8\" data-ccp-props=\"{&quot;335551550&quot;:6,&quot;335551620&quot;:6}\">\u00a0<\/span><\/em><\/p>\n\n<p>Elisabeth*, eine ausgebildete Pflegefachfrau, hatte nicht geplant, nach Erreichen des offiziellen Rentenalters wieder zu arbeiten. Doch schwierige Umst\u00e4nde zwangen sie dazu. Sie war mit einem selbstst\u00e4ndigen Arzt verheiratet, den sie w\u00e4hrend seiner gesamten Karriere unterst\u00fctzte. Als ihr Ehemann schwer erkrankte, standen sie vor einer finanziellen Herausforderung: Ihre gemeinsame Altersvorsorge wurde vollst\u00e4ndig f\u00fcr medizinische Kosten aufgebraucht, und die gesetzliche Betreuung ihres Mannes liess Elisabeth ohne ausreichende Mittel zur\u00fcck. Mit ihrer AHV-Rente allein h\u00e4tte sie nicht \u00fcberleben k\u00f6nnen. In einer mutigen Entscheidung kehrte sie daher ins Berufsleben zur\u00fcck. <\/p>\n\n<h3 class=\"wp-block-heading\">Ein guter Neustart <\/h3>\n\n<p>Ihr gr\u00f6sstes Gl\u00fcck in dieser schwierigen Zeit? Ihre langj\u00e4hrige Erfahrung als Krankenschwester. Durch ihre Arbeit in der Praxis ihres Mannes war sie mit medizinischen T\u00e4tigkeiten wie R\u00f6ntgenaufnahmen oder Blutentnahmen bestens vertraut. Diese Qualifikationen erm\u00f6glichten ihr den Wiedereinstieg. Heute arbeitet sie mit einem Pensum von 60% in einer Spitex-Organisation und betreut Patienten direkt zu Hause. \u201eDiese Arbeitsweise passt perfekt zu mir \u2013 genau das kann und m\u00f6chte ich leisten\u201c, erz\u00e4hlt sie. <\/p>\n\n<p>Die R\u00fcckkehr ins Berufsleben war nicht einfach, insbesondere aufgrund ihrer pers\u00f6nlichen Situation. Doch ihre neuen Kollegen empfingen sie herzlich. Zun\u00e4chst arbeitete sie in Krankenh\u00e4usern und Altersheimen, bevor sie zur Spitex wechselte \u2013 eine Umgebung, die ihr besonders zusagt. W\u00e4hrend manche Kollegen \u00fcberrascht sind, dass sie in ihrem Alter noch arbeitet, begegnet sie im Aussendienst nur wenigen anderen Pflegekr\u00e4ften und konzentriert sich vollst\u00e4ndig auf ihre Patienten. Ihr Alltag ist von zahlreichen Fahrten gepr\u00e4gt: T\u00e4glich legt sie zwischen 50 und 100 Kilometer zur\u00fcck, um ihre Patienten zu erreichen. Trotz der Anstrengung sch\u00e4tzt sie die direkte, pers\u00f6nliche Beziehung zu den Menschen, die sie betreut. \u201eIch sorge f\u00fcr andere, so wie ich es immer getan habe\u201c, sagt sie. <\/p>\n\n<h3 class=\"wp-block-heading\">Ein anspruchsvoller Beruf <\/h3>\n\n<p>F\u00fcr Elisabeth hat der Pflegeberuf nichts von seiner Bedeutung und Sch\u00f6nheit verloren. Der enge Kontakt zu Patienten, ihnen zu helfen und f\u00fcr sie da zu sein \u2013 das ist es, was sie nach wie vor motiviert. Besonders freut sie sich dar\u00fcber, ihr Wissen an j\u00fcngere Kollegen weiterzugeben, die neu in den Beruf einsteigen. Sie weiss, dass der Fachkr\u00e4ftemangel ihren Einsatz erforderlich macht, betont aber, dass es vor allem die menschliche Seite des Berufs ist, die ihn so lohnend macht. Junge Generationen, ist sie \u00fcberzeugt, k\u00f6nnen viel von der Erfahrung \u00e4lterer Pflegekr\u00e4fte lernen. <\/p>\n\n<p>Nat\u00fcrlich kennt sie auch die Herausforderungen ihres Berufs. Die langen Fahrten sind anstrengend, und auch in Teilzeit verlangt die Arbeit ein hohes Mass an Engagement. Die gleiche Leidenschaft wie mit 30 oder 40 Jahren aufrechtzuerhalten, ist nicht immer einfach. M\u00fcdigkeit macht sich manchmal bemerkbar, und es gibt besonders fordernde Tage. Doch bereut hat sie ihre Entscheidung nie. Ihr Engagement \u00fcber das Rentenalter hinaus gibt ihr Sinn und Erf\u00fcllung: \u201eIch liebe meinen Beruf und bin gl\u00fccklich, noch gebraucht zu werden.\u201c <\/p>\n\n<h3 class=\"wp-block-heading\">Eine wertvolle Chance f\u00fcr Senioren<\/h3>\n\n<p>Was w\u00fcrde sie jemandem raten, der als Rentnerin oder Rentner \u00fcberlegt, wieder zu arbeiten? \u201eEs ist ein wunderbarer Beruf, aber er erfordert echtes Engagement. Man muss bereit sein, sich mit ganzem Herzen einzubringen.\u201c F\u00fcr Elisabeth ist es wichtig, dass Activis den Wiedereinstieg f\u00fcr \u00e4ltere Menschen erleichtert, indem sie ihnen passende M\u00f6glichkeiten bietet. Sie sieht darin eine grosse Chance \u2013 nicht nur f\u00fcr die Senioren selbst, sondern auch f\u00fcr die Gesellschaft. \u201eEs ist kein Schritt zur\u00fcck, sondern eine M\u00f6glichkeit, weiter voranzugehen und gleichzeitig etwas Sinnvolles f\u00fcr andere zu tun.\u201c <\/p>\n\n<p>Was einst eine finanzielle Notwendigkeit war, ist f\u00fcr Elisabeth heute zu einer erf\u00fcllenden Lebensaufgabe geworden. Ihre Arbeit ist keine Belastung \u2013 im Gegenteil, sie gibt ihr Kraft und Zufriedenheit. \u201eJa, es ist anstrengend, aber ich habe das Gef\u00fchl, jeden Tag etwas Wertvolles zu leisten. Und das ist alles, was z\u00e4hlt. <\/p>\n\n<p><\/p>\n\n<p>*Name ge\u00e4ndert <\/p>\n\n<p><\/p>\n","protected":false},"excerpt":{"rendered":"<p>Nachdem sie ihr Leben lang ihren Mann in seiner selbstst\u00e4ndigen beruflichen Laufbahn unterst\u00fctzt hatte, musste Elisabeth, ausgebildete Pflegefachfrau, nach ihrer Pensionierung wieder ins Berufsleben zur\u00fcckkehren. Was zun\u00e4chst eine Notwendigkeit war, entwickelte sich schnell zu einer erf\u00fcllenden Aufgabe \u2013 angetrieben von ihrer Leidenschaft f\u00fcr den Beruf und die F\u00fcrsorge f\u00fcr ihre Patienten.\u00a0 Elisabeth*, eine ausgebildete Pflegefachfrau, [&#8230;]<\/p>\n<p><a class=\"btn btn-secondary understrap-read-more-link\" href=\"https:\/\/www.activis.swiss\/de\/pflegekraft-ueber-65-zwischen-notwendigkeit-und-berufung\/\">Weiterlesen&#8230;<span class=\"screen-reader-text\"> from Pflegekraft \u00fcber 65: Zwischen Notwendigkeit und Berufung<\/span><\/a><\/p>\n","protected":false},"author":9,"featured_media":759,"comment_status":"closed","ping_status":"open","sticky":false,"template":"","format":"standard","meta":{"_monsterinsights_skip_tracking":false,"_monsterinsights_sitenote_active":false,"_monsterinsights_sitenote_note":"","_monsterinsights_sitenote_category":0,"footnotes":""},"categories":[57,10],"tags":[],"class_list":["post-762","post","type-post","status-publish","format-standard","has-post-thumbnail","hentry","category-blog-de","category-unkategorisiert"],"yoast_head":"<!-- This site is optimized with the Yoast SEO plugin v25.3 - https:\/\/yoast.com\/wordpress\/plugins\/seo\/ -->\n<title>Pflegekraft \u00fcber 65: Zwischen Notwendigkeit und Berufung - activis<\/title>\n<meta name=\"robots\" content=\"index, follow, max-snippet:-1, max-image-preview:large, max-video-preview:-1\" \/>\n<link rel=\"canonical\" href=\"https:\/\/www.activis.swiss\/de\/pflegekraft-ueber-65-zwischen-notwendigkeit-und-berufung\/\" \/>\n<meta property=\"og:locale\" content=\"de_DE\" \/>\n<meta property=\"og:type\" content=\"article\" \/>\n<meta property=\"og:title\" content=\"Pflegekraft \u00fcber 65: Zwischen Notwendigkeit und Berufung - activis\" \/>\n<meta property=\"og:description\" content=\"Nachdem sie ihr Leben lang ihren Mann in seiner selbstst\u00e4ndigen beruflichen Laufbahn unterst\u00fctzt hatte, musste Elisabeth, ausgebildete Pflegefachfrau, nach ihrer Pensionierung wieder ins Berufsleben zur\u00fcckkehren. Was zun\u00e4chst eine Notwendigkeit war, entwickelte sich schnell zu einer erf\u00fcllenden Aufgabe \u2013 angetrieben von ihrer Leidenschaft f\u00fcr den Beruf und die F\u00fcrsorge f\u00fcr ihre Patienten.\u00a0 Elisabeth*, eine ausgebildete Pflegefachfrau, [...]Weiterlesen... from Pflegekraft \u00fcber 65: Zwischen Notwendigkeit und Berufung\" \/>\n<meta property=\"og:url\" content=\"https:\/\/www.activis.swiss\/de\/pflegekraft-ueber-65-zwischen-notwendigkeit-und-berufung\/\" \/>\n<meta property=\"og:site_name\" content=\"activis\" \/>\n<meta property=\"article:published_time\" content=\"2025-02-03T21:23:47+00:00\" \/>\n<meta property=\"article:modified_time\" content=\"2025-02-03T21:28:21+00:00\" \/>\n<meta property=\"og:image\" content=\"https:\/\/www.activis.swiss\/wp-content\/uploads\/AdobeStock_264600108-scaled.jpeg\" \/>\n\t<meta property=\"og:image:width\" content=\"2560\" \/>\n\t<meta property=\"og:image:height\" content=\"1707\" \/>\n\t<meta property=\"og:image:type\" content=\"image\/jpeg\" \/>\n<meta name=\"author\" content=\"Marketing\" \/>\n<meta name=\"twitter:card\" content=\"summary_large_image\" \/>\n<meta name=\"twitter:label1\" content=\"Verfasst von\" \/>\n\t<meta name=\"twitter:data1\" content=\"Marketing\" \/>\n\t<meta name=\"twitter:label2\" content=\"Gesch\u00e4tzte Lesezeit\" \/>\n\t<meta name=\"twitter:data2\" content=\"3\u00a0Minuten\" \/>\n<script type=\"application\/ld+json\" class=\"yoast-schema-graph\">{\"@context\":\"https:\/\/schema.org\",\"@graph\":[{\"@type\":\"WebPage\",\"@id\":\"https:\/\/www.activis.swiss\/de\/pflegekraft-ueber-65-zwischen-notwendigkeit-und-berufung\/\",\"url\":\"https:\/\/www.activis.swiss\/de\/pflegekraft-ueber-65-zwischen-notwendigkeit-und-berufung\/\",\"name\":\"Pflegekraft \u00fcber 65: Zwischen Notwendigkeit und Berufung - activis\",\"isPartOf\":{\"@id\":\"https:\/\/www.activis.swiss\/de\/#website\"},\"primaryImageOfPage\":{\"@id\":\"https:\/\/www.activis.swiss\/de\/pflegekraft-ueber-65-zwischen-notwendigkeit-und-berufung\/#primaryimage\"},\"image\":{\"@id\":\"https:\/\/www.activis.swiss\/de\/pflegekraft-ueber-65-zwischen-notwendigkeit-und-berufung\/#primaryimage\"},\"thumbnailUrl\":\"https:\/\/www.activis.swiss\/wp-content\/uploads\/AdobeStock_264600108-scaled.jpeg\",\"datePublished\":\"2025-02-03T21:23:47+00:00\",\"dateModified\":\"2025-02-03T21:28:21+00:00\",\"author\":{\"@id\":\"https:\/\/www.activis.swiss\/de\/#\/schema\/person\/e7a70d94886f6ceeca36a0504875e437\"},\"breadcrumb\":{\"@id\":\"https:\/\/www.activis.swiss\/de\/pflegekraft-ueber-65-zwischen-notwendigkeit-und-berufung\/#breadcrumb\"},\"inLanguage\":\"de\",\"potentialAction\":[{\"@type\":\"ReadAction\",\"target\":[\"https:\/\/www.activis.swiss\/de\/pflegekraft-ueber-65-zwischen-notwendigkeit-und-berufung\/\"]}]},{\"@type\":\"ImageObject\",\"inLanguage\":\"de\",\"@id\":\"https:\/\/www.activis.swiss\/de\/pflegekraft-ueber-65-zwischen-notwendigkeit-und-berufung\/#primaryimage\",\"url\":\"https:\/\/www.activis.swiss\/wp-content\/uploads\/AdobeStock_264600108-scaled.jpeg\",\"contentUrl\":\"https:\/\/www.activis.swiss\/wp-content\/uploads\/AdobeStock_264600108-scaled.jpeg\",\"width\":2560,\"height\":1707},{\"@type\":\"BreadcrumbList\",\"@id\":\"https:\/\/www.activis.swiss\/de\/pflegekraft-ueber-65-zwischen-notwendigkeit-und-berufung\/#breadcrumb\",\"itemListElement\":[{\"@type\":\"ListItem\",\"position\":1,\"name\":\"Accueil\",\"item\":\"https:\/\/www.activis.swiss\/de\/activis-und-wenn-sich-erfahrung-auf-kompetenzen-reimt\/\"},{\"@type\":\"ListItem\",\"position\":2,\"name\":\"Pflegekraft \u00fcber 65: Zwischen Notwendigkeit und Berufung\"}]},{\"@type\":\"WebSite\",\"@id\":\"https:\/\/www.activis.swiss\/de\/#website\",\"url\":\"https:\/\/www.activis.swiss\/de\/\",\"name\":\"activis\",\"description\":\"\",\"potentialAction\":[{\"@type\":\"SearchAction\",\"target\":{\"@type\":\"EntryPoint\",\"urlTemplate\":\"https:\/\/www.activis.swiss\/de\/?s={search_term_string}\"},\"query-input\":{\"@type\":\"PropertyValueSpecification\",\"valueRequired\":true,\"valueName\":\"search_term_string\"}}],\"inLanguage\":\"de\"},{\"@type\":\"Person\",\"@id\":\"https:\/\/www.activis.swiss\/de\/#\/schema\/person\/e7a70d94886f6ceeca36a0504875e437\",\"name\":\"Marketing\",\"image\":{\"@type\":\"ImageObject\",\"inLanguage\":\"de\",\"@id\":\"https:\/\/www.activis.swiss\/de\/#\/schema\/person\/image\/\",\"url\":\"https:\/\/secure.gravatar.com\/avatar\/f195d15fff822d4a270e0b5fb1a9e8c2747b615b4a99b3fcec5f6fcaf8b72d03?s=96&d=mm&r=g\",\"contentUrl\":\"https:\/\/secure.gravatar.com\/avatar\/f195d15fff822d4a270e0b5fb1a9e8c2747b615b4a99b3fcec5f6fcaf8b72d03?s=96&d=mm&r=g\",\"caption\":\"Marketing\"},\"url\":\"https:\/\/www.activis.swiss\/de\/author\/teammarketing\/\"}]}<\/script>\n<!-- \/ Yoast SEO plugin. -->","yoast_head_json":{"title":"Pflegekraft \u00fcber 65: Zwischen Notwendigkeit und Berufung - activis","robots":{"index":"index","follow":"follow","max-snippet":"max-snippet:-1","max-image-preview":"max-image-preview:large","max-video-preview":"max-video-preview:-1"},"canonical":"https:\/\/www.activis.swiss\/de\/pflegekraft-ueber-65-zwischen-notwendigkeit-und-berufung\/","og_locale":"de_DE","og_type":"article","og_title":"Pflegekraft \u00fcber 65: Zwischen Notwendigkeit und Berufung - activis","og_description":"Nachdem sie ihr Leben lang ihren Mann in seiner selbstst\u00e4ndigen beruflichen Laufbahn unterst\u00fctzt hatte, musste Elisabeth, ausgebildete Pflegefachfrau, nach ihrer Pensionierung wieder ins Berufsleben zur\u00fcckkehren. Was zun\u00e4chst eine Notwendigkeit war, entwickelte sich schnell zu einer erf\u00fcllenden Aufgabe \u2013 angetrieben von ihrer Leidenschaft f\u00fcr den Beruf und die F\u00fcrsorge f\u00fcr ihre Patienten.\u00a0 Elisabeth*, eine ausgebildete Pflegefachfrau, [...]Weiterlesen... from Pflegekraft \u00fcber 65: Zwischen Notwendigkeit und Berufung","og_url":"https:\/\/www.activis.swiss\/de\/pflegekraft-ueber-65-zwischen-notwendigkeit-und-berufung\/","og_site_name":"activis","article_published_time":"2025-02-03T21:23:47+00:00","article_modified_time":"2025-02-03T21:28:21+00:00","og_image":[{"width":2560,"height":1707,"url":"https:\/\/www.activis.swiss\/wp-content\/uploads\/AdobeStock_264600108-scaled.jpeg","type":"image\/jpeg"}],"author":"Marketing","twitter_card":"summary_large_image","twitter_misc":{"Verfasst von":"Marketing","Gesch\u00e4tzte Lesezeit":"3\u00a0Minuten"},"schema":{"@context":"https:\/\/schema.org","@graph":[{"@type":"WebPage","@id":"https:\/\/www.activis.swiss\/de\/pflegekraft-ueber-65-zwischen-notwendigkeit-und-berufung\/","url":"https:\/\/www.activis.swiss\/de\/pflegekraft-ueber-65-zwischen-notwendigkeit-und-berufung\/","name":"Pflegekraft \u00fcber 65: Zwischen Notwendigkeit und Berufung - activis","isPartOf":{"@id":"https:\/\/www.activis.swiss\/de\/#website"},"primaryImageOfPage":{"@id":"https:\/\/www.activis.swiss\/de\/pflegekraft-ueber-65-zwischen-notwendigkeit-und-berufung\/#primaryimage"},"image":{"@id":"https:\/\/www.activis.swiss\/de\/pflegekraft-ueber-65-zwischen-notwendigkeit-und-berufung\/#primaryimage"},"thumbnailUrl":"https:\/\/www.activis.swiss\/wp-content\/uploads\/AdobeStock_264600108-scaled.jpeg","datePublished":"2025-02-03T21:23:47+00:00","dateModified":"2025-02-03T21:28:21+00:00","author":{"@id":"https:\/\/www.activis.swiss\/de\/#\/schema\/person\/e7a70d94886f6ceeca36a0504875e437"},"breadcrumb":{"@id":"https:\/\/www.activis.swiss\/de\/pflegekraft-ueber-65-zwischen-notwendigkeit-und-berufung\/#breadcrumb"},"inLanguage":"de","potentialAction":[{"@type":"ReadAction","target":["https:\/\/www.activis.swiss\/de\/pflegekraft-ueber-65-zwischen-notwendigkeit-und-berufung\/"]}]},{"@type":"ImageObject","inLanguage":"de","@id":"https:\/\/www.activis.swiss\/de\/pflegekraft-ueber-65-zwischen-notwendigkeit-und-berufung\/#primaryimage","url":"https:\/\/www.activis.swiss\/wp-content\/uploads\/AdobeStock_264600108-scaled.jpeg","contentUrl":"https:\/\/www.activis.swiss\/wp-content\/uploads\/AdobeStock_264600108-scaled.jpeg","width":2560,"height":1707},{"@type":"BreadcrumbList","@id":"https:\/\/www.activis.swiss\/de\/pflegekraft-ueber-65-zwischen-notwendigkeit-und-berufung\/#breadcrumb","itemListElement":[{"@type":"ListItem","position":1,"name":"Accueil","item":"https:\/\/www.activis.swiss\/de\/activis-und-wenn-sich-erfahrung-auf-kompetenzen-reimt\/"},{"@type":"ListItem","position":2,"name":"Pflegekraft \u00fcber 65: Zwischen Notwendigkeit und Berufung"}]},{"@type":"WebSite","@id":"https:\/\/www.activis.swiss\/de\/#website","url":"https:\/\/www.activis.swiss\/de\/","name":"activis","description":"","potentialAction":[{"@type":"SearchAction","target":{"@type":"EntryPoint","urlTemplate":"https:\/\/www.activis.swiss\/de\/?s={search_term_string}"},"query-input":{"@type":"PropertyValueSpecification","valueRequired":true,"valueName":"search_term_string"}}],"inLanguage":"de"},{"@type":"Person","@id":"https:\/\/www.activis.swiss\/de\/#\/schema\/person\/e7a70d94886f6ceeca36a0504875e437","name":"Marketing","image":{"@type":"ImageObject","inLanguage":"de","@id":"https:\/\/www.activis.swiss\/de\/#\/schema\/person\/image\/","url":"https:\/\/secure.gravatar.com\/avatar\/f195d15fff822d4a270e0b5fb1a9e8c2747b615b4a99b3fcec5f6fcaf8b72d03?s=96&d=mm&r=g","contentUrl":"https:\/\/secure.gravatar.com\/avatar\/f195d15fff822d4a270e0b5fb1a9e8c2747b615b4a99b3fcec5f6fcaf8b72d03?s=96&d=mm&r=g","caption":"Marketing"},"url":"https:\/\/www.activis.swiss\/de\/author\/teammarketing\/"}]}},"_links":{"self":[{"href":"https:\/\/www.activis.swiss\/de\/wp-json\/wp\/v2\/posts\/762","targetHints":{"allow":["GET"]}}],"collection":[{"href":"https:\/\/www.activis.swiss\/de\/wp-json\/wp\/v2\/posts"}],"about":[{"href":"https:\/\/www.activis.swiss\/de\/wp-json\/wp\/v2\/types\/post"}],"author":[{"embeddable":true,"href":"https:\/\/www.activis.swiss\/de\/wp-json\/wp\/v2\/users\/9"}],"replies":[{"embeddable":true,"href":"https:\/\/www.activis.swiss\/de\/wp-json\/wp\/v2\/comments?post=762"}],"version-history":[{"count":3,"href":"https:\/\/www.activis.swiss\/de\/wp-json\/wp\/v2\/posts\/762\/revisions"}],"predecessor-version":[{"id":765,"href":"https:\/\/www.activis.swiss\/de\/wp-json\/wp\/v2\/posts\/762\/revisions\/765"}],"wp:featuredmedia":[{"embeddable":true,"href":"https:\/\/www.activis.swiss\/de\/wp-json\/wp\/v2\/media\/759"}],"wp:attachment":[{"href":"https:\/\/www.activis.swiss\/de\/wp-json\/wp\/v2\/media?parent=762"}],"wp:term":[{"taxonomy":"category","embeddable":true,"href":"https:\/\/www.activis.swiss\/de\/wp-json\/wp\/v2\/categories?post=762"},{"taxonomy":"post_tag","embeddable":true,"href":"https:\/\/www.activis.swiss\/de\/wp-json\/wp\/v2\/tags?post=762"}],"curies":[{"name":"wp","href":"https:\/\/api.w.org\/{rel}","templated":true}]}}